{"id":1158,"date":"2022-02-26T23:04:00","date_gmt":"2022-02-26T22:04:00","guid":{"rendered":"https:\/\/lsvd-lsa.de\/?p=1158"},"modified":"2024-10-20T13:49:44","modified_gmt":"2024-10-20T11:49:44","slug":"wir-trauern-um-unser-aktives-vereinsmitglied-roswitha-enoch","status":"publish","type":"post","link":"https:\/\/lsvd-lsa.de\/en\/wir-trauern-um-unser-aktives-vereinsmitglied-roswitha-enoch\/","title":{"rendered":"Wir trauern um unser aktives Vereinsmitglied Roswitha Enoch."},"content":{"rendered":"<p>Mit gro\u00dfer Best\u00fcrzung mussten wir heute erfahren, dass sie vor wenigen Tagen pl\u00f6tzlich verstorben ist. Roswitha ist \u00fcberregional als Vermittlerin der Geschlechter bekannt geworden und wird es als Magdeburger Original auch weiter bleiben.<\/p>\n\n\n\n<p>Sie war bei jeder unserer Veranstaltungen dabei, nicht nur als Gast, sondern als unerm\u00fcdbare K\u00e4mpferin f\u00fcr queerpolitische Rechte. Wir werden Roswitha als eine umfangreich erfahrene, stets aufgeschlossene und liebensw\u00fcrdige Frau in Erinnerung behalten, die uns durch ihre vielen Geschichten immer wieder begeistern konnte.<\/p>\n\n\n\n<p>Unser Mitgef\u00fchl gilt ihren T\u00f6chtern.<\/p>\n\n\n\n<p>In liebevoller Erinnerung,<br>LSVD Sachsen-Anhalt e.V.<br>Magdeburg, 26. Januar 2022<\/p>\n\n\n\n<p>Roswitha Enoch \u201cBotschafterin der Geschlechter\u201d,&nbsp;<a href=\"https:\/\/www.ol-usc-magdeburg.de\/abteilung\/erinnerungen-an-rainer.html\">Magazin \u201cMein Stadtfeld\u201d am Juli 2018<\/a><\/p>","protected":false},"excerpt":{"rendered":"<p>Mit gro\u00dfer Best\u00fcrzung mussten wir heute erfahren, dass sie vor wenigen Tagen pl\u00f6tzlich verstorben ist. Roswitha ist \u00fcberregional als Vermittlerin der Geschlechter bekannt geworden und wird es als Magdeburger Original auch weiter bleiben. Sie war bei jeder unserer Veranstaltungen dabei, nicht nur als Gast, sondern als unerm\u00fcdbare K\u00e4mpferin f\u00fcr queerpolitische Rechte. Wir werden Roswitha als [&hellip;]<\/p>\n","protected":false},"author":1,"featured_media":1159,"comment_status":"closed","ping_status":"open","sticky":false,"template":"","format":"standard","meta":{"pgc_sgb_lightbox_settings":"","footnotes":""},"categories":[6],"tags":[],"class_list":["post-1158","post","type-post","status-publish","format-standard","has-post-thumbnail","hentry","category-kultur-gedenken"],"_links":{"self":[{"href":"https:\/\/lsvd-lsa.de\/en\/wp-json\/wp\/v2\/posts\/1158","targetHints":{"allow":["GET"]}}],"collection":[{"href":"https:\/\/lsvd-lsa.de\/en\/wp-json\/wp\/v2\/posts"}],"about":[{"href":"https:\/\/lsvd-lsa.de\/en\/wp-json\/wp\/v2\/types\/post"}],"author":[{"embeddable":true,"href":"https:\/\/lsvd-lsa.de\/en\/wp-json\/wp\/v2\/users\/1"}],"replies":[{"embeddable":true,"href":"https:\/\/lsvd-lsa.de\/en\/wp-json\/wp\/v2\/comments?post=1158"}],"version-history":[{"count":1,"href":"https:\/\/lsvd-lsa.de\/en\/wp-json\/wp\/v2\/posts\/1158\/revisions"}],"predecessor-version":[{"id":1160,"href":"https:\/\/lsvd-lsa.de\/en\/wp-json\/wp\/v2\/posts\/1158\/revisions\/1160"}],"wp:featuredmedia":[{"embeddable":true,"href":"https:\/\/lsvd-lsa.de\/en\/wp-json\/wp\/v2\/media\/1159"}],"wp:attachment":[{"href":"https:\/\/lsvd-lsa.de\/en\/wp-json\/wp\/v2\/media?parent=1158"}],"wp:term":[{"taxonomy":"category","embeddable":true,"href":"https:\/\/lsvd-lsa.de\/en\/wp-json\/wp\/v2\/categories?post=1158"},{"taxonomy":"post_tag","embeddable":true,"href":"https:\/\/lsvd-lsa.de\/en\/wp-json\/wp\/v2\/tags?post=1158"}],"curies":[{"name":"wp","href":"https:\/\/api.w.org\/{rel}","templated":true}]}}