{"id":1851,"date":"2015-12-22T22:28:00","date_gmt":"2015-12-22T21:28:00","guid":{"rendered":"https:\/\/lsvd-lsa.de\/?p=1851"},"modified":"2025-02-11T20:42:56","modified_gmt":"2025-02-11T19:42:56","slug":"lsvd-vorstand-martin-pfarr-gestorben","status":"publish","type":"post","link":"https:\/\/lsvd-lsa.de\/en\/lsvd-vorstand-martin-pfarr-gestorben\/","title":{"rendered":"LSVD-Vorstand Martin Pfarr gestorben"},"content":{"rendered":"<div class=\"wp-block-columns is-layout-flex wp-container-core-columns-is-layout-9d6595d7 wp-block-columns-is-layout-flex\">\n<div class=\"wp-block-column is-layout-flow wp-block-column-is-layout-flow\" style=\"flex-basis:100%\">\n<figure class=\"wp-block-image size-full\"><img loading=\"lazy\" decoding=\"async\" width=\"456\" height=\"351\" src=\"https:\/\/lsvd-lsa.de\/wp-content\/uploads\/2024\/07\/martin-pfarr-gestorben.jpg\" alt=\"\" class=\"wp-image-1855\" srcset=\"https:\/\/lsvd-lsa.de\/wp-content\/uploads\/2024\/07\/martin-pfarr-gestorben.jpg 456w, https:\/\/lsvd-lsa.de\/wp-content\/uploads\/2024\/07\/martin-pfarr-gestorben-300x231.jpg 300w\" sizes=\"auto, (max-width: 456px) 100vw, 456px\" \/><\/figure>\n<\/div>\n<\/div>\n\n\n\n<p><strong>Der Aktivist hatte sich bereits in der DDR f\u00fcr die LGBT-Emanzipation engagiert.<\/strong><\/p>\n\n\n\n<p>Kurz vor seinem sechzigsten Geburtstag ist am Montag der LGBT-Aktivist Martin Pfarr nach einer schweren Krankheit gestorben. Das gab der Lesben- und Schwulenverband (LSVD) bekannt, f\u00fcr den der allgemeine Arzt als Mitglied im Bundes- sowie im Landesvorstand Sachsen-Anhalt gearbeitet hatte.<\/p>\n\n\n\n<p>Der geb\u00fcrtige Magdeburger geh\u00f6rte 1990 zu den Mitbegr\u00fcndern des Schwulenverbandes in der DDR, aus dem sich sp\u00e4ter der LSVD entwickelte. \u201eSchon in der DDR war er politisch aktiv gewesen\u201c, hei\u00dft es in einem&nbsp;<a href=\"http:\/\/www.lsvd.de\/newsletters\/newsletter-2015\/ein-kaempfer-fuer-demokratie-und-buergerrechte.html\" target=\"_blank\" rel=\"noreferrer noopener\">Nachruf<\/a>&nbsp;des LSVD. So habe er sich in der Opposition engagiert, die sich in der evangelischen Kirche zusammenfand. Er sei in den 1980er Jahren \u201eein mutiger Streiter f\u00fcr die Rechte von Lesben und Schwulen im SED-Staat\u201c gewesen, in dem \u201eHomosexualit\u00e4t offiziell weitgehend tabuisiert war\u201c.<\/p>\n\n\n\n<p>\u201eVon Anfang an war er eine der tragenden Pers\u00f6nlichkeiten in unserem Verband\u201c, so der LSVD weiter. \u201eMartin Pfarr engagierte sich im Landesverband Sachsen-Anhalt, baute ihn ganz wesentlich mit auf und gab dem LSVD in Sachsen-Anhalt eine gewichtige Stimme in der Zivilgesellschaft und der Landespolitik: verbindlich, humorvoll, dialogfreudig aber immer mit klaren Forderungen.\u201c Dazu habe der Einsatz f\u00fcr ein Antidiskriminierungsgesetz im Land ebenso geh\u00f6rt wie der erfolgreiche Kampf gegen die \u00f6ffentliche F\u00f6rderung eines obskuren \u201eHomo-Heiler\u201c-Vereins. Als der Landtag im Januar 2015 einstimmig einen Aktionsplan gegen Homophobie beschlossen hatte, sei das vor allem sein Verdienst gewesen.<\/p>\n\n\n\n<p><strong>Ehrenamtler in Magdeburg und&nbsp;Berlin<\/strong><\/p>\n\n\n\n<p>2006 wurde Martin Pfarr erstmals in den LSVD-Bundesvorstand gew\u00e4hlt, dem er seitdem ununterbrochen angeh\u00f6rte. Auch dieses Engagement leistete er rein ehrenamtlich \u2013 neben der Arbeit als niedergelassener Arzt in seinem Wohnort K\u00f6then, wo er zudem seit 1990 in der Kommunalpolitik aktiv war und f\u00fcr die SPD im Stadtrat sa\u00df.<\/p>\n\n\n\n<p>\u201eSich einbringen in der Demokratie, der Kampf f\u00fcr gleiche Rechte und klare Kante gegen Homophobie waren seine Antriebsfedern\u201c, so der LSVD. \u201eDaneben pr\u00e4gte Martin Pfarr auch die Positionen des LSVD in der Gesundheitspolitik f\u00fcr LSBTI oder in der intergenerativen Arbeit. Ein w\u00fcrdiges Gedenken an die Opfer des Nationalsozialismus war ihm ebenfalls ein wichtiges Anliegen. Er setzte sich auch daf\u00fcr ein, dass die Geschichte der Lesben und Schwulen in der DDR nicht in Vergessenheit ger\u00e4t, insbesondere nicht der unerschrockene Einsatz f\u00fcr die B\u00fcrgerrechte von Lesben und Schwulen, der mit Namen wie Eduard Stapel und eben Martin Pfarr verbunden ist.\u201c<\/p>\n\n\n\n<p>In einer Zeit, \u201ein der Demokratiever\u00e4chter, Rassisten und Homophobe wieder an Lautst\u00e4rke zunehmen\u201c, br\u00e4uchte man \u201esanfte K\u00e4mpfer\u201c wie Pfarr in den eigenen Reihen, so der LSVD. \u201eSein Tod rei\u00dft eine gro\u00dfe L\u00fccke. Mit unserer Arbeit f\u00fcr eine offene Gesellschaft und gegen jede Form von Diskriminierung und Menschenfeindlichkeit werden wir die Erinnerung an diesen bescheidenen gro\u00dfen Demokraten und B\u00fcrgerrechtler, an den Menschenfreund Martin Pfarr pflegen.\u201c<\/p>","protected":false},"excerpt":{"rendered":"<p>Der Aktivist hatte sich bereits in der DDR f\u00fcr die LGBT-Emanzipation engagiert. Kurz vor seinem sechzigsten Geburtstag ist am Montag der LGBT-Aktivist Martin Pfarr nach einer schweren Krankheit gestorben. Das gab der Lesben- und Schwulenverband (LSVD) bekannt, f\u00fcr den der allgemeine Arzt als Mitglied im Bundes- sowie im Landesvorstand Sachsen-Anhalt gearbeitet hatte. Der geb\u00fcrtige Magdeburger [&hellip;]<\/p>\n","protected":false},"author":1,"featured_media":1843,"comment_status":"closed","ping_status":"open","sticky":false,"template":"","format":"standard","meta":{"pgc_sgb_lightbox_settings":"","footnotes":""},"categories":[6],"tags":[],"class_list":["post-1851","post","type-post","status-publish","format-standard","has-post-thumbnail","hentry","category-kultur-gedenken"],"_links":{"self":[{"href":"https:\/\/lsvd-lsa.de\/en\/wp-json\/wp\/v2\/posts\/1851","targetHints":{"allow":["GET"]}}],"collection":[{"href":"https:\/\/lsvd-lsa.de\/en\/wp-json\/wp\/v2\/posts"}],"about":[{"href":"https:\/\/lsvd-lsa.de\/en\/wp-json\/wp\/v2\/types\/post"}],"author":[{"embeddable":true,"href":"https:\/\/lsvd-lsa.de\/en\/wp-json\/wp\/v2\/users\/1"}],"replies":[{"embeddable":true,"href":"https:\/\/lsvd-lsa.de\/en\/wp-json\/wp\/v2\/comments?post=1851"}],"version-history":[{"count":3,"href":"https:\/\/lsvd-lsa.de\/en\/wp-json\/wp\/v2\/posts\/1851\/revisions"}],"predecessor-version":[{"id":1857,"href":"https:\/\/lsvd-lsa.de\/en\/wp-json\/wp\/v2\/posts\/1851\/revisions\/1857"}],"wp:featuredmedia":[{"embeddable":true,"href":"https:\/\/lsvd-lsa.de\/en\/wp-json\/wp\/v2\/media\/1843"}],"wp:attachment":[{"href":"https:\/\/lsvd-lsa.de\/en\/wp-json\/wp\/v2\/media?parent=1851"}],"wp:term":[{"taxonomy":"category","embeddable":true,"href":"https:\/\/lsvd-lsa.de\/en\/wp-json\/wp\/v2\/categories?post=1851"},{"taxonomy":"post_tag","embeddable":true,"href":"https:\/\/lsvd-lsa.de\/en\/wp-json\/wp\/v2\/tags?post=1851"}],"curies":[{"name":"wp","href":"https:\/\/api.w.org\/{rel}","templated":true}]}}