{"id":2270,"date":"2024-06-03T19:01:00","date_gmt":"2024-06-03T17:01:00","guid":{"rendered":"https:\/\/lsvd-lsa.de\/?p=2270"},"modified":"2025-02-11T20:41:36","modified_gmt":"2025-02-11T19:41:36","slug":"land-unter-im-regenbogencafe","status":"publish","type":"post","link":"https:\/\/lsvd-lsa.de\/en\/land-unter-im-regenbogencafe\/","title":{"rendered":"Land unter im Regenbogencaf\u00e9"},"content":{"rendered":"<p><strong>UPDATE: Die Sch\u00e4den sind beseitigt und unsere R\u00e4ume sind wieder nutzbar. Die Gruppen und Treffs k\u00f6nnen sich ab dem 05.08.2024 wieder in der Otto-von-Guericke-Stra\u00dfe 41 treffen.<\/strong><\/p>\n\n\n\n<p>Ihr habt es sicher schon auf unseren Social Media-Kan\u00e4len gesehen:\u00a0<strong>Wir hatten und haben einen Wasserschaden.<\/strong><br><br>Aktuell versuchen wir unser Bestes, um euch das Regenbogencaf\u00e9 wieder schnellstm\u00f6glich zug\u00e4nglich zu machen. Leider wird dies noch einige Zeit in Anspruch nehmen, da auch der Boden und die Tapeten erneuert werden m\u00fcssen. Auch ist noch nicht ganz klar, welches Interieur noch nutzbar ist oder ausgetaucht werden muss. Auch die Kostenfrage ist noch nicht abschlie\u00dfend gekl\u00e4rt, weshalb wir schon jetzt auf eure Unterst\u00fctzung hoffen.\u00a0<br><br>Ganz konkret freuen wir uns \u00fcber\u00a0<strong>zweckgebundene Spenden<\/strong>, um neues Inventar, Tapeten und B\u00f6den kaufen zu k\u00f6nnen. Jeder Euro ist willkommen und hilft! IBAN: DE52 8109 3274 0001 0586 06, BIC: GENODEF1MD1, Verwendungszweck: Havarie-Spende, Der LSVD Sachsen-Anhalt ist als gemeinn\u00fctzig anerkannt. Spenden sind daher steuerabzugsf\u00e4hig.\u00a0<br><br>An dieser Stellen Vielen Dank an das <a href=\"https:\/\/zfsg.ngo\" target=\"_blank\" rel=\"noreferrer noopener\">ZfsG<\/a> und seinem Team, welches uns w\u00e4hrend der Havarie so lieb und unkompliziert aufgenommen hat. \u2764\ufe0f<\/p>","protected":false},"excerpt":{"rendered":"<p>UPDATE: Die Sch\u00e4den sind beseitigt und unsere R\u00e4ume sind wieder nutzbar. Die Gruppen und Treffs k\u00f6nnen sich ab dem 05.08.2024 wieder in der Otto-von-Guericke-Stra\u00dfe 41 treffen. Ihr habt es sicher schon auf unseren Social Media-Kan\u00e4len gesehen:\u00a0Wir hatten und haben einen Wasserschaden. Aktuell versuchen wir unser Bestes, um euch das Regenbogencaf\u00e9 wieder schnellstm\u00f6glich zug\u00e4nglich zu machen. [&hellip;]<\/p>\n","protected":false},"author":1,"featured_media":2939,"comment_status":"closed","ping_status":"open","sticky":false,"template":"","format":"standard","meta":{"pgc_sgb_lightbox_settings":"","footnotes":""},"categories":[13],"tags":[],"class_list":["post-2270","post","type-post","status-publish","format-standard","has-post-thumbnail","hentry","category-vereinsleben"],"_links":{"self":[{"href":"https:\/\/lsvd-lsa.de\/en\/wp-json\/wp\/v2\/posts\/2270","targetHints":{"allow":["GET"]}}],"collection":[{"href":"https:\/\/lsvd-lsa.de\/en\/wp-json\/wp\/v2\/posts"}],"about":[{"href":"https:\/\/lsvd-lsa.de\/en\/wp-json\/wp\/v2\/types\/post"}],"author":[{"embeddable":true,"href":"https:\/\/lsvd-lsa.de\/en\/wp-json\/wp\/v2\/users\/1"}],"replies":[{"embeddable":true,"href":"https:\/\/lsvd-lsa.de\/en\/wp-json\/wp\/v2\/comments?post=2270"}],"version-history":[{"count":2,"href":"https:\/\/lsvd-lsa.de\/en\/wp-json\/wp\/v2\/posts\/2270\/revisions"}],"predecessor-version":[{"id":3279,"href":"https:\/\/lsvd-lsa.de\/en\/wp-json\/wp\/v2\/posts\/2270\/revisions\/3279"}],"wp:featuredmedia":[{"embeddable":true,"href":"https:\/\/lsvd-lsa.de\/en\/wp-json\/wp\/v2\/media\/2939"}],"wp:attachment":[{"href":"https:\/\/lsvd-lsa.de\/en\/wp-json\/wp\/v2\/media?parent=2270"}],"wp:term":[{"taxonomy":"category","embeddable":true,"href":"https:\/\/lsvd-lsa.de\/en\/wp-json\/wp\/v2\/categories?post=2270"},{"taxonomy":"post_tag","embeddable":true,"href":"https:\/\/lsvd-lsa.de\/en\/wp-json\/wp\/v2\/tags?post=2270"}],"curies":[{"name":"wp","href":"https:\/\/api.w.org\/{rel}","templated":true}]}}