{"id":3353,"date":"2024-08-22T19:00:20","date_gmt":"2024-08-22T17:00:20","guid":{"rendered":"https:\/\/lsvd-lsa.de\/?p=3353"},"modified":"2024-10-20T13:48:44","modified_gmt":"2024-10-20T11:48:44","slug":"euer-hass-wird-nicht-siegen","status":"publish","type":"post","link":"https:\/\/lsvd-lsa.de\/en\/euer-hass-wird-nicht-siegen\/","title":{"rendered":"Euer Hass wird nicht siegen!"},"content":{"rendered":"<p><strong>Aufruf zum CSD in Magdeburg am 24. August und den CSD in Zeitz am 31. August 2024<\/strong><\/p>\n\n\n\n<p>Noch immer sind wir ersch\u00fcttert <a href=\"https:\/\/www.youtube.com\/watch?v=Jz3QZByEWiU\" data-type=\"link\" data-id=\"https:\/\/www.youtube.com\/watch?v=Jz3QZByEWiU\" target=\"_blank\" rel=\"noreferrer noopener\">von den Bildern aus Bautzen.<\/a> Ein riesiger Block des Hasses rollt auf uns zu und bedroht alles, wof\u00fcr wir seit \u00fcber 100 Jahren gek\u00e4mpft haben. Der schwarze Sumpf scheint auch nach Sachsen-Anhalt r\u00fcberzuschwappen. F\u00fcr die CSDs in Magdeburg und Zeitz haben bereits rechtsextreme Gruppen Gegendemonstrationen angemeldet und daf\u00fcr flei\u00dfig geworben.<\/p>\n\n\n\n<p>Wir rufen euch zur Teilnahme an den CSDs auf! Seid laut, seid bunt und liebend! Gemeinsam werden wir gegen die Faschisten ank\u00e4mpfen &#8211; ganz ohne Gewalt. Organisationen, Gewerkschaften, Frauenverb\u00e4nde, Influencer*innen, Parteijugenden &#8211; wir sind auf eure Solidarit\u00e4t angewiesen. Tretet mit uns gemeinsam f\u00fcr eure Werte und Freiheiten ein.<\/p>\n\n\n\n<p class=\"has-medium-font-size\"><em>&#8222;Wir werden zeigen, wer die eigentliche Minderheit ist. Euer Hass wird nicht siegen! Als gro\u00dfe, heterogene Gemeinschaft werden wir f\u00fcreinander einstehen und die Liebe gewinnen lassen.&#8220;<\/em><br>&#8211; Andreas B\u00f6sener, Vorstand des LSVD+ Sachsen-Anhalt e.V.<\/p>\n\n\n\n<p><\/p>","protected":false},"excerpt":{"rendered":"<p>Aufruf zum CSD in Magdeburg am 24. August und den CSD in Zeitz am 31. August 2024 Noch immer sind wir ersch\u00fcttert von den Bildern aus Bautzen. Ein riesiger Block des Hasses rollt auf uns zu und bedroht alles, wof\u00fcr wir seit \u00fcber 100 Jahren gek\u00e4mpft haben. Der schwarze Sumpf scheint auch nach Sachsen-Anhalt r\u00fcberzuschwappen. [&hellip;]<\/p>\n","protected":false},"author":1,"featured_media":3354,"comment_status":"closed","ping_status":"open","sticky":false,"template":"","format":"standard","meta":{"pgc_sgb_lightbox_settings":"","footnotes":""},"categories":[10],"tags":[],"class_list":["post-3353","post","type-post","status-publish","format-standard","has-post-thumbnail","hentry","category-politik-netzwerk"],"_links":{"self":[{"href":"https:\/\/lsvd-lsa.de\/en\/wp-json\/wp\/v2\/posts\/3353","targetHints":{"allow":["GET"]}}],"collection":[{"href":"https:\/\/lsvd-lsa.de\/en\/wp-json\/wp\/v2\/posts"}],"about":[{"href":"https:\/\/lsvd-lsa.de\/en\/wp-json\/wp\/v2\/types\/post"}],"author":[{"embeddable":true,"href":"https:\/\/lsvd-lsa.de\/en\/wp-json\/wp\/v2\/users\/1"}],"replies":[{"embeddable":true,"href":"https:\/\/lsvd-lsa.de\/en\/wp-json\/wp\/v2\/comments?post=3353"}],"version-history":[{"count":4,"href":"https:\/\/lsvd-lsa.de\/en\/wp-json\/wp\/v2\/posts\/3353\/revisions"}],"predecessor-version":[{"id":3367,"href":"https:\/\/lsvd-lsa.de\/en\/wp-json\/wp\/v2\/posts\/3353\/revisions\/3367"}],"wp:featuredmedia":[{"embeddable":true,"href":"https:\/\/lsvd-lsa.de\/en\/wp-json\/wp\/v2\/media\/3354"}],"wp:attachment":[{"href":"https:\/\/lsvd-lsa.de\/en\/wp-json\/wp\/v2\/media?parent=3353"}],"wp:term":[{"taxonomy":"category","embeddable":true,"href":"https:\/\/lsvd-lsa.de\/en\/wp-json\/wp\/v2\/categories?post=3353"},{"taxonomy":"post_tag","embeddable":true,"href":"https:\/\/lsvd-lsa.de\/en\/wp-json\/wp\/v2\/tags?post=3353"}],"curies":[{"name":"wp","href":"https:\/\/api.w.org\/{rel}","templated":true}]}}