{"id":3489,"date":"2024-11-01T13:14:16","date_gmt":"2024-11-01T12:14:16","guid":{"rendered":"https:\/\/lsvd-lsa.de\/?p=3489"},"modified":"2024-11-01T13:15:21","modified_gmt":"2024-11-01T12:15:21","slug":"die-sache-mit-dem-ehrenamt","status":"publish","type":"post","link":"https:\/\/lsvd-lsa.de\/en\/die-sache-mit-dem-ehrenamt\/","title":{"rendered":"Die Sache mit dem Ehrenamt"},"content":{"rendered":"\n<p>Wir als Vorstand und unsere vielen engagierten Freiwilligen verlangen ja nichts Unm\u00f6gliches. Wir arbeiten unentgeltlich, in unserer Freizeit und setzen uns ehrenamtlich f\u00fcr die Interessen der \u00d6ffentlichkeit ein. Die vielen Stunden Arbeit, Flei\u00df und M\u00fche kommen allein der Gemeinschaft zugute und sollen das Leben von LSBTIAQ* in Sachsen-Anhalt verbessern.&nbsp;<strong>Dass uns aber nicht einmal mehr die &#8222;Ehre&#8220; dieses Ehrenamtes zugestanden wird<\/strong>, ist ein handfester Skandal, der die vielen Stunden aufopferungsvoller Arbeit mit F\u00fc\u00dfen tritt.&nbsp;<\/p>\n\n\n\n<p><strong>Was ist passiert?<\/strong><br><strong><a href=\"https:\/\/t426345df.emailsys1a.net\/c\/263\/7887469\/2\/0\/2\/62\/5270\/b3513051c8.html\" target=\"_blank\" rel=\"noreferrer noopener\">Im Jahr 2023 zeichnete der Landtagspr\u00e4sident Dr. Gunnar Schellenberger (CDU) besonders engagierte Menschen im Plenarsaal des Landtages aus.<\/a><\/strong>&nbsp;Es ist die erste Veranstaltung dieser Art, die allein vom Landtag inszeniert worden ist. Im besonderen Ma\u00dfe hervorgehoben wurden<strong>&nbsp;<a href=\"https:\/\/t426345df.emailsys1a.net\/c\/263\/7887469\/2\/0\/2\/62\/5262\/1701383737.html\" target=\"_blank\" rel=\"noreferrer noopener\">Ingrid Freitag<\/a><\/strong>, welche f\u00fcr ihr langj\u00e4hriges Engagement im Blinden- und Sehbehindertenverband gelobt wurde und&nbsp;<strong><a href=\"https:\/\/t426345df.emailsys1a.net\/c\/263\/7887469\/2\/0\/2\/62\/5275\/96a0173a68.html\" target=\"_blank\" rel=\"noreferrer noopener\">Eric Stehr, der den ersten Christopher Street Day im Burgrenladkreis<\/a><\/strong>&nbsp;ma\u00dfgeblich organisierte.<\/p>\n\n\n\n<p>Diese Ehrung sollte 2024 weitergerf\u00fchrt werden, um das zivilgesellschaftliche Engagement im Land zu w\u00fcrdigen &#8211;&nbsp;<strong>doch die Veranstaltung wurde Mitte November abgesagt.<\/strong>&nbsp;Teile der CDU und AfD verhinderten die Wiederholung. Im letzten Jahr sei die Verleihung&nbsp;<strong><a href=\"https:\/\/t426345df.emailsys1a.net\/c\/263\/7887469\/2\/0\/2\/62\/5264\/e05d2bb430.html\" target=\"_blank\" rel=\"noreferrer noopener\">\u201eideologisch motiviert&#8220;<\/a><\/strong>&nbsp;gewesen, so&nbsp;Co-Fraktionsvorsitzender Ulrich Siegmund (AfD). Dass es eine unabh\u00e4ngige Fachjury gab, die aus allen 97 vorgeschlagenen Ehrenamtlichen der 97 Abgeordneten Personen ausw\u00e4hlte, die besonders geehrt werden sollten, interessierte den Sprecher anscheinend nicht.&nbsp;<\/p>\n\n\n\n<p>Zynisch wirken daher die Worte&nbsp;<strong><a href=\"https:\/\/t426345df.emailsys1a.net\/c\/263\/7887469\/2\/0\/2\/62\/5265\/bb43f8dbe5.html\" target=\"_blank\" rel=\"noreferrer noopener\">Schellenberges<\/a><\/strong>&nbsp;\u00fcber die Engagierten im letzten Jahr: \u201eSie machen das [Ehrenamt] das ganze Jahr lang und die Gesellschaft braucht Sie einfach.\u201c Von der&nbsp;<strong><a href=\"https:\/\/t426345df.emailsys1a.net\/c\/263\/7887469\/2\/0\/2\/62\/5266\/64226ab4cf.html\" target=\"_blank\" rel=\"noreferrer noopener\">Ehrenamtsstrategie<\/a><\/strong>&nbsp;der Landesregierung wird daher wohl nicht so viel zu erwarten sein.&nbsp;<\/p>\n\n\n\n<p>Wir sind entt\u00e4uscht und ma\u00dflos emp\u00f6rt von dieses Handeln des \u00c4ltestenrates. Insbesondere die Erkl\u00e4rung Siegmunds, die Veranstaltung sei aufgrund der Preisverleihung an Eric Stehr abgelehnt worden, best\u00e4tigt die queerfeindlichen Gedanken der AfD-Fraktion.&nbsp;<strong>CDU und AfD haben teils gemeinsam eine Entscheidung gef\u00e4llt, die sich gegen Vielfalt, Freiheit und Akzeptanz richtet.<\/strong>&nbsp;Zwar seien im Vorfeld der Veranstaltung zu wenige Nomierungen durch die Abgeordneten eingegangen, aber die Aussage Ulrichs spricht f\u00fcr sich.<\/p>\n\n\n\n<p>Du willst etwas tun?&nbsp;<strong><a href=\"https:\/\/t426345df.emailsys1a.net\/c\/263\/7887469\/2\/0\/2\/62\/5267\/8cce44884b.html\" target=\"_blank\" rel=\"noreferrer noopener\">Tritt dem LSVD\u207a bei und werde aktives Mitglied im Kampf gegen Queerfeindlichkeit!<\/a><\/strong>&nbsp;Folge uns auf unseren Social Media-Kan\u00e4len, um nichts zu verpassen. Schaue auch gerne auf unserer&nbsp;<strong><a href=\"https:\/\/t426345df.emailsys1a.net\/c\/263\/7887469\/2\/0\/2\/62\/5268\/1479259c8b.html\" target=\"_blank\" rel=\"noreferrer noopener\">neuen WhatsApp-Community<\/a><\/strong>&nbsp;vorbei. Hier erreichen dich Informationen \u00fcber das aktuelle Geschehen, du kannst dich mit anderen vernetzen und aktiv werden.&nbsp;<\/p>\n\n\n\n<p>Euer Vorstand<br>Andreas, Jonas, Loreen, Ole und Rebecca<\/p>\n","protected":false},"excerpt":{"rendered":"<p>Wir als Vorstand und unsere vielen engagierten Freiwilligen verlangen ja nichts Unm\u00f6gliches. Wir arbeiten unentgeltlich, in unserer Freizeit und setzen uns ehrenamtlich f\u00fcr die Interessen der \u00d6ffentlichkeit ein. Die vielen Stunden Arbeit, Flei\u00df und M\u00fche kommen allein der Gemeinschaft zugute und sollen das Leben von LSBTIAQ* in Sachsen-Anhalt verbessern.&nbsp;Dass uns aber nicht einmal mehr die [&hellip;]<\/p>\n","protected":false},"author":1,"featured_media":3490,"comment_status":"closed","ping_status":"open","sticky":false,"template":"","format":"standard","meta":{"pgc_sgb_lightbox_settings":"","footnotes":""},"categories":[10,13],"tags":[],"class_list":["post-3489","post","type-post","status-publish","format-standard","has-post-thumbnail","hentry","category-politik-netzwerk","category-vereinsleben"],"_links":{"self":[{"href":"https:\/\/lsvd-lsa.de\/en\/wp-json\/wp\/v2\/posts\/3489","targetHints":{"allow":["GET"]}}],"collection":[{"href":"https:\/\/lsvd-lsa.de\/en\/wp-json\/wp\/v2\/posts"}],"about":[{"href":"https:\/\/lsvd-lsa.de\/en\/wp-json\/wp\/v2\/types\/post"}],"author":[{"embeddable":true,"href":"https:\/\/lsvd-lsa.de\/en\/wp-json\/wp\/v2\/users\/1"}],"replies":[{"embeddable":true,"href":"https:\/\/lsvd-lsa.de\/en\/wp-json\/wp\/v2\/comments?post=3489"}],"version-history":[{"count":2,"href":"https:\/\/lsvd-lsa.de\/en\/wp-json\/wp\/v2\/posts\/3489\/revisions"}],"predecessor-version":[{"id":3492,"href":"https:\/\/lsvd-lsa.de\/en\/wp-json\/wp\/v2\/posts\/3489\/revisions\/3492"}],"wp:featuredmedia":[{"embeddable":true,"href":"https:\/\/lsvd-lsa.de\/en\/wp-json\/wp\/v2\/media\/3490"}],"wp:attachment":[{"href":"https:\/\/lsvd-lsa.de\/en\/wp-json\/wp\/v2\/media?parent=3489"}],"wp:term":[{"taxonomy":"category","embeddable":true,"href":"https:\/\/lsvd-lsa.de\/en\/wp-json\/wp\/v2\/categories?post=3489"},{"taxonomy":"post_tag","embeddable":true,"href":"https:\/\/lsvd-lsa.de\/en\/wp-json\/wp\/v2\/tags?post=3489"}],"curies":[{"name":"wp","href":"https:\/\/api.w.org\/{rel}","templated":true}]}}