{"id":3552,"date":"2009-11-23T17:25:00","date_gmt":"2009-11-23T16:25:00","guid":{"rendered":"https:\/\/lsvd-lsa.de\/?p=3552"},"modified":"2025-01-25T17:08:19","modified_gmt":"2025-01-25T16:08:19","slug":"stolperstein-benno-hans-paul","status":"publish","type":"post","link":"https:\/\/lsvd-lsa.de\/en\/stolperstein-benno-hans-paul\/","title":{"rendered":"Stolperstein: Benno Hans Paul Meyer"},"content":{"rendered":"<ul class=\"wp-block-list\">\n<li>Geboren: 2. Mai 1878, Braunschweig<\/li>\n\n\n\n<li>Beruf: Architekt und Bauf\u00fchrer<\/li>\n\n\n\n<li>Tod: 2. Juli 1941, KZ Sachsenhausen<\/li>\n<\/ul>\n\n\n\n<ul class=\"wp-block-list\">\n<li>Verlegung am 23.11.2009<\/li>\n\n\n\n<li>Gespendet: Petra und Peter Lie\u00dfmann, Helmstedt<\/li>\n\n\n\n<li>Verlegeort: Regierungsstra\u00dfe, Fu\u00dfweg gegenu\u0308ber Kloster Unser Lieben Frauen<\/li>\n<\/ul>\n\n\n\n<h4 class=\"wp-block-heading\"><strong>Was wissen wir von ihm?<\/strong><\/h4>\n\n\n\n<p>Benno Meyer\u00a0wurde im Jahr\u00a01878\u00a0als Sohn von\u00a0Hermann Meyer\u00a0und\u00a0Helene, geborene\u00a0Schubert, geboren. Seine Eltern mussten sein tragisches Ende nicht mehr miterleben; aus einer Information von\u00a01941\u00a0geht hervor, dass beide zu diesem Zeitpunkt bereits verstorben waren.<\/p>\n\n\n\n<h5 class=\"wp-block-heading\">Beruf und Wohnsituation<\/h5>\n\n\n\n<p>Benno Meyer war laut Akten sowohl als\u00a0Architekt\u00a0als auch als\u00a0Bauf\u00fchrer\u00a0t\u00e4tig. In\u00a0Magdeburg\u00a0lebte er in der\u00a0Regierungsstra\u00dfe, gegen\u00fcber dem Kloster\u00a0Unser Lieben Frauen. Sein Bruder\u00a0Kurt\u00a0wohnte unweit entfernt, ebenfalls in der Altstadt von Magdeburg.<\/p>\n\n\n\n<p>Seine Gefangenenpersonalkarte beschreibt ihn wie folgt:<\/p>\n\n\n\n<ul class=\"wp-block-list\">\n<li>Gr\u00f6\u00dfe:&nbsp;<strong>1,76 m<\/strong>,<\/li>\n\n\n\n<li>Gestalt:&nbsp;<strong>untersetzt<\/strong>,<\/li>\n\n\n\n<li>Gesicht:&nbsp;<strong>oval<\/strong>,<\/li>\n\n\n\n<li>Augen:&nbsp;<strong>grau<\/strong>,<\/li>\n\n\n\n<li>Haare:&nbsp;<strong>Glatze<\/strong>,<\/li>\n\n\n\n<li>Bart:&nbsp;<strong>ohne Bart<\/strong>,<\/li>\n\n\n\n<li>Kennzeichen: keine besonderen Merkmale.<\/li>\n<\/ul>\n\n\n\n<p>Benno Meyer blieb\u00a0ledig und kinderlos.<\/p>\n\n\n\n<h5 class=\"wp-block-heading\">Verhaftung und Verurteilung<\/h5>\n\n\n\n<p>Anfang\u00a0April 1937\u00a0wurde Benno Meyer von der Polizei verhaftet. W\u00e4hrend der Verh\u00f6re gestand er seine\u00a0homosexuellen Neigungen. Mitte April brachte ihn die Polizei in die\u00a0Untersuchungshaftanstalt Magdeburg, wo er aufgrund des versch\u00e4rften\u00a0\u00a7 175 StGB\u00a0der Nationalsozialisten inhaftiert wurde.<\/p>\n\n\n\n<p>Bereits zwei Monate sp\u00e4ter, am\u00a011. Juni 1937, verurteilte ihn das\u00a0Amtsgericht Magdeburg\u00a0zu\u00a0drei Jahren Gef\u00e4ngnis. Die hohe Strafe l\u00e4sst darauf schlie\u00dfen, dass man ihm den Umgang mit mehreren Partnern vorwarf. Da er gest\u00e4ndig war, rechnete man ihm die\u00a068 Tage Untersuchungshaft\u00a0auf die Strafe an.<\/p>\n\n\n\n<p>Im\u00a0Dezember 1937\u00a0wurde er in das Gef\u00e4ngnis\u00a0St. Georgen-Bayreuth\u00a0\u00fcberf\u00fchrt. Dort verliert sich zun\u00e4chst seine Spur. Rein rechnerisch h\u00e4tte er\u00a0Juni 1940\u00a0aus der Strafhaft entlassen werden m\u00fcssen. Es ist jedoch wahrscheinlich, dass er nicht in die Freiheit entlassen wurde, sondern von der Polizei in\u00a0Vorbeugungshaft\u00a0genommen wurde.<\/p>\n\n\n\n<h5 class=\"wp-block-heading\">Deportation ins KZ Sachsenhausen<\/h5>\n\n\n\n<p>Im\u00a0Dezember 1940, im Alter von 62 Jahren, wurde Benno Meyer in das\u00a0Konzentrationslager Sachsenhauseneingeliefert. Dort wurde er als\u00a0\u201eB.V. 175\u201c\u00a0(Berufsverbrecher mit homosexuellem Hintergrund) registriert. Sein H\u00e4ftlingseintrag lautete:\u00a0\u201eNr. 34.542 SK\u201c, wobei die Abk\u00fcrzung \u201eSK\u201c f\u00fcr die besonders harte\u00a0Strafkompanie\u00a0stand.<\/p>\n\n\n\n<p>Als H\u00e4ftling mit dem\u00a0Rosa Winkel\u00a0war er auf der untersten Stufe der Lagerhierarchie. In der Strafkompanie musste er im sogenannten\u00a0Schuhl\u00e4uferkommando\u00a0arbeiten, das stundenlange Gewaltm\u00e4rsche beinhaltete, um Milit\u00e4rschuhe zu testen. Bereits nach einem Monat verschlechterte sich sein Gesundheitszustand dramatisch. Anfang\u00a0Januar 1941\u00a0wurde er in den Krankenbau des Lagers eingeliefert, doch erneut im\u00a0Februar 1941\u00a0zur Arbeit gezwungen.<\/p>\n\n\n\n<h5 class=\"wp-block-heading\">Ermordung<\/h5>\n\n\n\n<p>Am\u00a05. Juni 1941\u00a0wurde Benno Meyer dem sogenannten\u00a0\u201eKommando S\u201c\u00a0zugeteilt. Dies war ein Deckname f\u00fcr die Deportation in die\u00a0Euthanasie-T\u00f6tungsanstalt Sonnenstein\u00a0bei Pirna. Am\u00a04., 5. und 7. Juni 1941\u00a0wurden insgesamt\u00a0269 H\u00e4ftlinge\u00a0mit Lastwagen dorthin gebracht und in der dortigen Gaskammer mit\u00a0Kohlenmonoxid\u00a0ermordet.<\/p>\n\n\n\n<p><strong>Zwischen\u00a01940 und 1941\u00a0t\u00f6teten die Nationalsozialisten in Sonnenstein etwa\u00a014.000 Menschen, darunter auch homosexuelle M\u00e4nner, die als \u201enicht mehr arbeitsf\u00e4hig\u201c eingestuft wurden.<\/strong><\/p>\n\n\n\n<p>Die Nazis vertuschten solche Mordaktionen gezielt. Sie dokumentierten falsche Todesursachen und m\u00f6glicherweise auch falsche Angaben zu Todeszeitpunkt und -ort. Im Fall von Benno Meyer wurde offiziell angegeben, er sei am\u00a02. Juli 1941, um\u00a06:25 Uhr, im KZ Sachsenhausen an\u00a0Kreislaufversagen infolge von Altersschw\u00e4che\u00a0verstorben. Es ist jedoch sehr wahrscheinlich, dass er in Sonnenstein ermordet wurde, nachdem er sieben Monate im Konzentrationslager systematisch zu Tode geschunden worden war.<\/p>\n\n\n\n<h5 class=\"wp-block-heading\">Gedenken<\/h5>\n\n\n\n<p>Benno Meyer erreichte das Alter von\u00a063 Jahren. Seine Urne wurde erst am\u00a021. Mai 1942\u00a0auf dem\u00a0Waldfriedhof in G\u00fcterfelde, s\u00fcdlich von Berlin, beigesetzt. Auf diesem Friedhof erinnert ein Denkmal an alle dort bestatteten KZ-H\u00e4ftlinge, darunter auch Benno Meyer.<\/p>\n\n\n\n<p><strong>Recherche: <\/strong>Rainer Hoffschildt, Hannover (Juli 2009)<\/p>","protected":false},"excerpt":{"rendered":"<p>Was wissen wir von ihm? Benno Meyer\u00a0wurde im Jahr\u00a01878\u00a0als Sohn von\u00a0Hermann Meyer\u00a0und\u00a0Helene, geborene\u00a0Schubert, geboren. Seine Eltern mussten sein tragisches Ende nicht mehr miterleben; aus einer Information von\u00a01941\u00a0geht hervor, dass beide zu diesem Zeitpunkt bereits verstorben waren. Beruf und Wohnsituation Benno Meyer war laut Akten sowohl als\u00a0Architekt\u00a0als auch als\u00a0Bauf\u00fchrer\u00a0t\u00e4tig. In\u00a0Magdeburg\u00a0lebte er in der\u00a0Regierungsstra\u00dfe, gegen\u00fcber dem Kloster\u00a0Unser [&hellip;]<\/p>\n","protected":false},"author":1,"featured_media":3553,"comment_status":"closed","ping_status":"closed","sticky":false,"template":"","format":"standard","meta":{"pgc_sgb_lightbox_settings":"","footnotes":""},"categories":[6,30],"tags":[],"class_list":["post-3552","post","type-post","status-publish","format-standard","has-post-thumbnail","hentry","category-kultur-gedenken","category-stolpersteine"],"_links":{"self":[{"href":"https:\/\/lsvd-lsa.de\/en\/wp-json\/wp\/v2\/posts\/3552","targetHints":{"allow":["GET"]}}],"collection":[{"href":"https:\/\/lsvd-lsa.de\/en\/wp-json\/wp\/v2\/posts"}],"about":[{"href":"https:\/\/lsvd-lsa.de\/en\/wp-json\/wp\/v2\/types\/post"}],"author":[{"embeddable":true,"href":"https:\/\/lsvd-lsa.de\/en\/wp-json\/wp\/v2\/users\/1"}],"replies":[{"embeddable":true,"href":"https:\/\/lsvd-lsa.de\/en\/wp-json\/wp\/v2\/comments?post=3552"}],"version-history":[{"count":9,"href":"https:\/\/lsvd-lsa.de\/en\/wp-json\/wp\/v2\/posts\/3552\/revisions"}],"predecessor-version":[{"id":3754,"href":"https:\/\/lsvd-lsa.de\/en\/wp-json\/wp\/v2\/posts\/3552\/revisions\/3754"}],"wp:featuredmedia":[{"embeddable":true,"href":"https:\/\/lsvd-lsa.de\/en\/wp-json\/wp\/v2\/media\/3553"}],"wp:attachment":[{"href":"https:\/\/lsvd-lsa.de\/en\/wp-json\/wp\/v2\/media?parent=3552"}],"wp:term":[{"taxonomy":"category","embeddable":true,"href":"https:\/\/lsvd-lsa.de\/en\/wp-json\/wp\/v2\/categories?post=3552"},{"taxonomy":"post_tag","embeddable":true,"href":"https:\/\/lsvd-lsa.de\/en\/wp-json\/wp\/v2\/tags?post=3552"}],"curies":[{"name":"wp","href":"https:\/\/api.w.org\/{rel}","templated":true}]}}