{"id":3597,"date":"2011-10-07T18:15:00","date_gmt":"2011-10-07T16:15:00","guid":{"rendered":"https:\/\/lsvd-lsa.de\/?p=3597"},"modified":"2025-02-11T20:43:37","modified_gmt":"2025-02-11T19:43:37","slug":"stolperstein-heinrich-georg-karl-heyer","status":"publish","type":"post","link":"https:\/\/lsvd-lsa.de\/en\/stolperstein-heinrich-georg-karl-heyer\/","title":{"rendered":"Stolperstein: Heinrich Georg Karl Heyer"},"content":{"rendered":"<ul class=\"wp-block-list\">\n<li>Geboren: 14. Februar 1914, Wegeleben bei Halberstadt<\/li>\n\n\n\n<li>Beruf: Land- und Fabrikarbeiter<\/li>\n\n\n\n<li>Tod: 09. April 1944, KZ Bergen-Belsen<\/li>\n<\/ul>\n\n\n\n<ul class=\"wp-block-list\">\n<li>Verlegung am 07.10.2011<\/li>\n\n\n\n<li>Gespendet: LSVD Sachsen-Anhalt<\/li>\n\n\n\n<li>Verlegeort: Danzstra\u00dfe (zwischen Otto-von- Guericke-Stra\u00dfe und Bahnhofstra\u00dfe)<\/li>\n<\/ul>\n\n\n\n<h4 class=\"wp-block-heading\">Was wissen wir von ihm?<\/h4>\n\n\n\n<p>Von dem kurzen, gerade 30 Jahre w\u00e4hrenden Leben von&nbsp;<strong>Heinrich Georg Karl Heyer<\/strong>&nbsp;sind nur kleine Mosaiksteine bekannt. Diese ergeben kein deutliches Bild einer Pers\u00f6nlichkeit. Was wir wissen, ist lediglich, dass er eines der zahllosen Opfer der unmenschlichen Weltsicht und brutalen T\u00f6tungsmaschinerie der Nationalsozialisten wurde.<\/p>\n\n\n\n<h3 class=\"wp-block-heading\">Herkunft und fr\u00fches Leben<\/h3>\n\n\n\n<p>Heinrich Georg Karl Heyer ist der Sohn von\u00a0Karl Heyer\u00a0und\u00a0Emma, geborene\u00a0Brauckoff. Als ihr Sohn geboren wird, wohnen sie in\u00a0Wegeleben, in der N\u00e4he von Halberstadt, in der\u00a0Quedlinburger Stra\u00dfe 7.<\/p>\n\n\n\n<p>Wann Heinrich Heyer nach Magdeburg zieht und ob er das mit seinen Eltern zusammen oder zun\u00e4chst allein tut, ist nicht bekannt.\u00a01935\u00a0wohnt er in der\u00a0Oranienstra\u00dfe 3\u00a0(heute\u00a0Danzstra\u00dfe, neue Bebauung); nach sp\u00e4teren Angaben ist das auch der Wohnsitz der Eltern.<\/p>\n\n\n\n<p>Er arbeitet als\u00a0Land- oder Fabrikarbeiter, m\u00f6glicherweise ohne regul\u00e4re Berufsausbildung.<\/p>\n\n\n\n<h4 class=\"wp-block-heading\">Erste Verhaftungen und Verurteilungen<\/h4>\n\n\n\n<p>Im Jahr\u00a01935, im Alter von 21 Jahren, kommt er zum ersten Mal in\u00a0Untersuchungshaft, weil er seine homosexuelle Neigung gelebt hat. Der damals geltende\u00a0\u00a7 175 des Strafgesetzes\u00a0spricht dabei von\u00a0\u201ewidernat\u00fcrlicher Unzucht\u201c. Nach den Polizeiakten ist er:<\/p>\n\n\n\n<ul class=\"wp-block-list\">\n<li><strong>1,82 m gro\u00df<\/strong>,<\/li>\n\n\n\n<li>von&nbsp;<strong>schlanker Gestalt<\/strong>,<\/li>\n\n\n\n<li>mit&nbsp;<strong>bartlosem Gesicht<\/strong>,<\/li>\n\n\n\n<li><strong>dunklen Augen<\/strong>&nbsp;und<\/li>\n\n\n\n<li><strong>dunkelblondem Haar<\/strong>.<\/li>\n<\/ul>\n\n\n\n<p>Offenbar kommt es jedoch zu\u00a0keiner Verurteilung. In den Jahren\u00a01937 und 1938\u00a0wird er zu kurzen Haftstrafen verurteilt, unter anderem wegen:<\/p>\n\n\n\n<ul class=\"wp-block-list\">\n<li><strong>unbefugten Uniformtragens<\/strong>,<\/li>\n\n\n\n<li><strong>Entziehung der Wehr\u00fcberwachung<\/strong>&nbsp;und<\/li>\n\n\n\n<li><strong>Gl\u00fccksspiels<\/strong>.<\/li>\n<\/ul>\n\n\n\n<h5 class=\"wp-block-heading\">Verurteilung und Lagerhaft<\/h5>\n\n\n\n<p>Im Jahr\u00a01938\u00a0wird Heinrich Heyer dann aufgrund des\u00a0\u00a7 175\u00a0verurteilt und in das\u00a0Zuchthaus Coswig\u00a0eingeliefert. Vermutlich bleibt er dort inhaftiert, bis er am\u00a028. August 1943\u00a0in das\u00a0Konzentrationslager Buchenwald\u00a0\u00fcberstellt wird. Dort wird er im\u00a0Block 30, dem sogenannten\u00a0Homosexuellenblock, untergebracht.<\/p>\n\n\n\n<p>Im\u00a0Februar 1944\u00a0wird er in das\u00a0Au\u00dfenlager Mittelbau-Dora\u00a0verlegt. Die Insassen dieses Lagers m\u00fcssen unter unmenschlichen Bedingungen eine\u00a0unterirdische Produktionsanlage\u00a0f\u00fcr die ber\u00fcchtigten\u00a0V-Waffen\u00a0errichten. Wie etwa\u00a020.000 andere Zwangsarbeiter\u00a0f\u00e4llt auch Heinrich Heyer sehr schnell den unertr\u00e4glichen Bedingungen in diesem Arbeitslager zum Opfer.<\/p>\n\n\n\n<p>Bereits nach einem Monat wird er mit einem\u00a0Krankentransport\u00a0in das\u00a0Konzentrationslager Bergen-Belsen\u00a0gebracht.<\/p>\n\n\n\n<h5 class=\"wp-block-heading\">Tod<\/h5>\n\n\n\n<p>Nur zwei Wochen sp\u00e4ter, am\u00a09. April 1944, stirbt Heinrich Heyer im Alter von\u00a030 Jahren. Als offizielle Todesursache wird\u00a0\u201eWassersucht\u201c\u00a0angegeben.<\/p>\n\n\n\n<p><strong>Recherche: <\/strong>Rainer Hoffschildt, Hannover (August 2011)<\/p>\n\n\n\n<p><\/p>","protected":false},"excerpt":{"rendered":"<p>Was wissen wir von ihm? Von dem kurzen, gerade 30 Jahre w\u00e4hrenden Leben von&nbsp;Heinrich Georg Karl Heyer&nbsp;sind nur kleine Mosaiksteine bekannt. Diese ergeben kein deutliches Bild einer Pers\u00f6nlichkeit. Was wir wissen, ist lediglich, dass er eines der zahllosen Opfer der unmenschlichen Weltsicht und brutalen T\u00f6tungsmaschinerie der Nationalsozialisten wurde. Herkunft und fr\u00fches Leben Heinrich Georg Karl [&hellip;]<\/p>\n","protected":false},"author":1,"featured_media":3598,"comment_status":"closed","ping_status":"open","sticky":false,"template":"","format":"standard","meta":{"pgc_sgb_lightbox_settings":"","footnotes":""},"categories":[6,30],"tags":[],"class_list":["post-3597","post","type-post","status-publish","format-standard","has-post-thumbnail","hentry","category-kultur-gedenken","category-stolpersteine"],"_links":{"self":[{"href":"https:\/\/lsvd-lsa.de\/en\/wp-json\/wp\/v2\/posts\/3597","targetHints":{"allow":["GET"]}}],"collection":[{"href":"https:\/\/lsvd-lsa.de\/en\/wp-json\/wp\/v2\/posts"}],"about":[{"href":"https:\/\/lsvd-lsa.de\/en\/wp-json\/wp\/v2\/types\/post"}],"author":[{"embeddable":true,"href":"https:\/\/lsvd-lsa.de\/en\/wp-json\/wp\/v2\/users\/1"}],"replies":[{"embeddable":true,"href":"https:\/\/lsvd-lsa.de\/en\/wp-json\/wp\/v2\/comments?post=3597"}],"version-history":[{"count":2,"href":"https:\/\/lsvd-lsa.de\/en\/wp-json\/wp\/v2\/posts\/3597\/revisions"}],"predecessor-version":[{"id":3743,"href":"https:\/\/lsvd-lsa.de\/en\/wp-json\/wp\/v2\/posts\/3597\/revisions\/3743"}],"wp:featuredmedia":[{"embeddable":true,"href":"https:\/\/lsvd-lsa.de\/en\/wp-json\/wp\/v2\/media\/3598"}],"wp:attachment":[{"href":"https:\/\/lsvd-lsa.de\/en\/wp-json\/wp\/v2\/media?parent=3597"}],"wp:term":[{"taxonomy":"category","embeddable":true,"href":"https:\/\/lsvd-lsa.de\/en\/wp-json\/wp\/v2\/categories?post=3597"},{"taxonomy":"post_tag","embeddable":true,"href":"https:\/\/lsvd-lsa.de\/en\/wp-json\/wp\/v2\/tags?post=3597"}],"curies":[{"name":"wp","href":"https:\/\/api.w.org\/{rel}","templated":true}]}}