{"id":3602,"date":"2011-10-07T18:24:00","date_gmt":"2011-10-07T16:24:00","guid":{"rendered":"https:\/\/lsvd-lsa.de\/?p=3602"},"modified":"2025-02-11T20:43:32","modified_gmt":"2025-02-11T19:43:32","slug":"stolperstein-kurt-willi-koepp","status":"publish","type":"post","link":"https:\/\/lsvd-lsa.de\/en\/stolperstein-kurt-willi-koepp\/","title":{"rendered":"Stolperstein: Kurt Willi K\u00f6pp"},"content":{"rendered":"<ul class=\"wp-block-list\">\n<li>Geboren: 12. Dezember 1915, Magdeburg<\/li>\n\n\n\n<li>Beruf: Schneider<\/li>\n\n\n\n<li>Tod: ermordet am 10. Juli 1942, KZ Sachsenhausen<\/li>\n<\/ul>\n\n\n\n<ul class=\"wp-block-list\">\n<li>Verlegung am 07.10.2011<\/li>\n\n\n\n<li>Gespendet: Stadtrat Wolfgang W\u00e4hnelt, B\u00dcNDNIS 90\/DIE GR\u00dcNEN<\/li>\n\n\n\n<li>Verlegeort: Gutenbergerstra\u00dfe 15 (N\u00e4he AOK-Geb\u00e4ude)<\/li>\n<\/ul>\n\n\n\n<h4 class=\"wp-block-heading\">Was wissen wir von ihm?<\/h4>\n\n\n\n<p>Kurt Willi K\u00f6pp\u00a0wurde nur 26 Jahre alt. Sein kurzes Leben ist nur in wenigen Fragmenten dokumentiert, doch sie zeichnen den Leidensweg eines jungen Mannes nach, dessen\u00a0homosexuelle Neigung\u00a0von den Nationalsozialisten als ein todesw\u00fcrdiges Verbrechen betrachtet wurde.<\/p>\n\n\n\n<h5 class=\"wp-block-heading\">Fr\u00fches Leben<\/h5>\n\n\n\n<p>Kurt Willi K\u00f6pp war der Sohn des\u00a0Schneidermeisters Otto Emil K\u00f6pp\u00a0und dessen Ehefrau\u00a0Emelie Ottilie, geborene Nikolai. Zur Zeit seiner Geburt lebte die Familie in der\u00a0Waagestra\u00dfe 7a. Sp\u00e4ter zog K\u00f6pp mit seinem Vater in die\u00a0Gutenbergstra\u00dfe 15, nachdem seine Mutter verstorben war.<\/p>\n\n\n\n<p>K\u00f6pp blieb unverheiratet und wohnte vermutlich sein Leben lang bei seinem Vater. Es ist anzunehmen, dass er dort auch den\u00a0Schneiderberuf\u00a0erlernte.<\/p>\n\n\n\n<h5 class=\"wp-block-heading\">Beschreibung und erste Verhaftung<\/h5>\n\n\n\n<p>Die Polizeiakten geben eine detaillierte Beschreibung von K\u00f6pp:<\/p>\n\n\n\n<ul class=\"wp-block-list\">\n<li>Gr\u00f6\u00dfe:&nbsp;<strong>1,68 m<\/strong>,<\/li>\n\n\n\n<li>Gestalt:&nbsp;<strong>untersetzt<\/strong>,<\/li>\n\n\n\n<li>Gesicht:&nbsp;<strong>oval, bartlos<\/strong>,<\/li>\n\n\n\n<li>Augen:&nbsp;<strong>blau<\/strong>,<\/li>\n\n\n\n<li>Haare:&nbsp;<strong>blond<\/strong>,<\/li>\n\n\n\n<li>Besonderes Kennzeichen:&nbsp;<strong>linke H\u00fcftl\u00e4hmung<\/strong>.<\/li>\n<\/ul>\n\n\n\n<p>Im\u00a0August 1937, im Alter von 21 Jahren, wurde K\u00f6pp verhaftet. Ihm wurde ein Versto\u00df gegen den versch\u00e4rften\u00a0\u00a7 175 StGB\u00a0(Homosexualit\u00e4t) vorgeworfen. Am\u00a01. November 1937\u00a0verurteilte man ihn wegen \u201ewidernat\u00fcrlicher Unzucht\u201c zu\u00a0drei Jahren Gef\u00e4ngnis, abz\u00fcglich\u00a0zwei Monaten Untersuchungshaft.<\/p>\n\n\n\n<p>W\u00e4hrend seiner Haftzeit wurde ihm\u00a0zweimal kurzer Urlaub\u00a0gew\u00e4hrt, vermutlich aus famili\u00e4ren Gr\u00fcnden. Im\u00a0September 1940\u00a0wurde er aus dem Gef\u00e4ngnis entlassen.<\/p>\n\n\n\n<h5 class=\"wp-block-heading\">Deportation in Konzentrationslager<\/h5>\n\n\n\n<p>Nur wenige Monate nach seiner Entlassung wurde Kurt Willi K\u00f6pp erneut seiner Freiheit beraubt.<\/p>\n\n\n\n<ul class=\"wp-block-list\">\n<li><strong>Januar 1941<\/strong>: Er wurde zun\u00e4chst in das\u00a0KZ Neuengamme\u00a0deportiert, vermutlich aufgrund seiner Homosexualit\u00e4t.<\/li>\n\n\n\n<li><strong>Juli 1941<\/strong>: Verlegung ins\u00a0KZ Buchenwald, wo er als H\u00e4ftling Nr.\u00a06.995\u00a0im\u00a0Steinbruch\u00a0unter schwersten Bedingungen arbeiten musste.<\/li>\n\n\n\n<li><strong>M\u00e4rz 1942<\/strong>: Transfer in das\u00a0M\u00e4nnerlager des KZ Ravensbr\u00fcck.<\/li>\n\n\n\n<li><strong>Mai 1942<\/strong>: \u00dcberf\u00fchrung ins\u00a0KZ Sachsenhausen, H\u00e4ftlingsnummer\u00a033.490.<\/li>\n<\/ul>\n\n\n\n<h5 class=\"wp-block-heading\">Die Klinkerwerkmorde<\/h5>\n\n\n\n<p>Am\u00a010. Juli 1942\u00a0wurde Kurt Willi K\u00f6pp zusammen mit\u00a0sieben anderen Homosexuellen\u00a0im sogenannten\u00a0Au\u00dfenkommando Klinkerwerk\u00a0ermordet.<\/p>\n\n\n\n<p>Zwischen\u00a0Juli und September 1942\u00a0ermordete die SS im Klinkerwerk etwa\u00a0180 bis 200 H\u00e4ftlinge, vor allem\u00a0Rosa-Winkel-Tr\u00e4ger\u00a0(Homosexuelle). Unter den Opfern befand sich auch\u00a0Ling-Li Hsoum, ein weiterer Magdeburger, der wie K\u00f6pp der Willk\u00fcr und Brutalit\u00e4t der Nationalsozialisten zum Opfer fiel.<\/p>\n\n\n\n<p><strong>Recherche: <\/strong>Rainer Hoffschildt, Hannover (2010)<\/p>","protected":false},"excerpt":{"rendered":"<p>Was wissen wir von ihm? Kurt Willi K\u00f6pp\u00a0wurde nur 26 Jahre alt. Sein kurzes Leben ist nur in wenigen Fragmenten dokumentiert, doch sie zeichnen den Leidensweg eines jungen Mannes nach, dessen\u00a0homosexuelle Neigung\u00a0von den Nationalsozialisten als ein todesw\u00fcrdiges Verbrechen betrachtet wurde. Fr\u00fches Leben Kurt Willi K\u00f6pp war der Sohn des\u00a0Schneidermeisters Otto Emil K\u00f6pp\u00a0und dessen Ehefrau\u00a0Emelie Ottilie, [&hellip;]<\/p>\n","protected":false},"author":1,"featured_media":3603,"comment_status":"closed","ping_status":"open","sticky":false,"template":"","format":"standard","meta":{"pgc_sgb_lightbox_settings":"","footnotes":""},"categories":[6,30],"tags":[],"class_list":["post-3602","post","type-post","status-publish","format-standard","has-post-thumbnail","hentry","category-kultur-gedenken","category-stolpersteine"],"_links":{"self":[{"href":"https:\/\/lsvd-lsa.de\/en\/wp-json\/wp\/v2\/posts\/3602","targetHints":{"allow":["GET"]}}],"collection":[{"href":"https:\/\/lsvd-lsa.de\/en\/wp-json\/wp\/v2\/posts"}],"about":[{"href":"https:\/\/lsvd-lsa.de\/en\/wp-json\/wp\/v2\/types\/post"}],"author":[{"embeddable":true,"href":"https:\/\/lsvd-lsa.de\/en\/wp-json\/wp\/v2\/users\/1"}],"replies":[{"embeddable":true,"href":"https:\/\/lsvd-lsa.de\/en\/wp-json\/wp\/v2\/comments?post=3602"}],"version-history":[{"count":2,"href":"https:\/\/lsvd-lsa.de\/en\/wp-json\/wp\/v2\/posts\/3602\/revisions"}],"predecessor-version":[{"id":3762,"href":"https:\/\/lsvd-lsa.de\/en\/wp-json\/wp\/v2\/posts\/3602\/revisions\/3762"}],"wp:featuredmedia":[{"embeddable":true,"href":"https:\/\/lsvd-lsa.de\/en\/wp-json\/wp\/v2\/media\/3603"}],"wp:attachment":[{"href":"https:\/\/lsvd-lsa.de\/en\/wp-json\/wp\/v2\/media?parent=3602"}],"wp:term":[{"taxonomy":"category","embeddable":true,"href":"https:\/\/lsvd-lsa.de\/en\/wp-json\/wp\/v2\/categories?post=3602"},{"taxonomy":"post_tag","embeddable":true,"href":"https:\/\/lsvd-lsa.de\/en\/wp-json\/wp\/v2\/tags?post=3602"}],"curies":[{"name":"wp","href":"https:\/\/api.w.org\/{rel}","templated":true}]}}