{"id":3605,"date":"2012-10-09T20:26:00","date_gmt":"2012-10-09T18:26:00","guid":{"rendered":"https:\/\/lsvd-lsa.de\/?p=3605"},"modified":"2025-04-09T07:48:21","modified_gmt":"2025-04-09T07:48:21","slug":"stolperstein-hans-august-knueppel","status":"publish","type":"post","link":"https:\/\/lsvd-lsa.de\/en\/stolperstein-hans-august-knueppel\/","title":{"rendered":"Stolperstein: Hans August Kn\u00fcppel"},"content":{"rendered":"<ul class=\"wp-block-list\">\n<li>Geboren: 07. Januar 1899, Magdeburg-Sudenburg<\/li>\n\n\n\n<li>Beruf: Kaufmann f\u00fcr Eisenh\u00e4ndler<br>Stand: unverheiratet<\/li>\n\n\n\n<li>Tod: 17. November 1942, KZ Dachau<\/li>\n<\/ul>\n\n\n\n<ul class=\"wp-block-list\">\n<li>Verlegung am 09.10.2012<\/li>\n\n\n\n<li>Gespendet: Pfarrer Ronny Hillebrandt<\/li>\n\n\n\n<li>Verlegeort: Tucholskystra\u00dfe 5 (N\u00e4he Kaufland)<\/li>\n<\/ul>\n\n\n\n<h4 class=\"wp-block-heading\">Was wissen wir von ihm?<\/h4>\n\n\n\n<p>Hans August Kn\u00fcppel wurde als Sohn des Ingenieurs\u00a0Wilhelm August Julius Kn\u00fcppel\u00a0und seiner Frau\u00a0Adele, geborene G\u00fcnther, geboren. Die Familie war\u00a0evangelisch. Im Jahr\u00a01935\u00a0arbeitete Kn\u00fcppel als\u00a0Kaufmann und Eisenh\u00e4ndler\u00a0in Magdeburg. Der damals\u00a036-j\u00e4hrige, unverheiratete Mann wohnte noch bei seinen Eltern in\u00a0Gro\u00df Ottersleben, Hermann-G\u00f6ring-Stra\u00dfe 5\u00a0(heute\u00a0Tucholskystra\u00dfe).<\/p>\n\n\n\n<h5 class=\"wp-block-heading\">Erste Verhaftung und Verurteilung<\/h5>\n\n\n\n<div class=\"wp-block-group\"><div class=\"wp-block-group__inner-container is-layout-constrained wp-block-group-is-layout-constrained\">\n<p>Am\u00a01. August 1935\u00a0wurde Hans Kn\u00fcppel von der Polizei verhaftet und aufgrund eines \u201eSittlichkeitsverbrechens\u201c nach\u00a0\u00a7 175 StGB\u00a0in das\u00a0Gef\u00e4ngnis Magdeburg\u00a0gebracht. Am\u00a010. September 1935\u00a0verurteilte ihn das\u00a0Amtsgericht Magdeburg\u00a0zu\u00a0zehn Monaten Gef\u00e4ngnis, abz\u00fcglich\u00a0einem Monat Untersuchungshaft.<\/p>\n\n\n\n<p>Im\u00a0Februar 1936\u00a0wurde er zur weiteren Strafverb\u00fc\u00dfung in ein anderes Gef\u00e4ngnis verlegt. Vermutlich wurde er im\u00a0Juni 1936\u00a0aus der Haft entlassen. Zwei Jahre sp\u00e4ter,\u00a01938, lebte er weiterhin zusammen mit seiner Mutter in der gleichen Wohnung.<\/p>\n<\/div><\/div>\n\n\n\n<h5 class=\"wp-block-heading\">Zweite Verhaftung und erneute Verurteilung<\/h5>\n\n\n\n<p>Am\u00a025. Januar 1938\u00a0wurde Hans Kn\u00fcppel erneut verhaftet und wegen \u201ewidernat\u00fcrlicher Unzucht\u201c in\u00a0Untersuchungshaft\u00a0genommen. Zu diesem Zeitpunkt wurde eine Personenbeschreibung erstellt:<\/p>\n\n\n\n<ul class=\"wp-block-list\">\n<li><strong>Gr\u00f6\u00dfe<\/strong>: 1,72 m,<\/li>\n\n\n\n<li><strong>Gestalt<\/strong>: schlank,<\/li>\n\n\n\n<li><strong>Gesicht<\/strong>: oval, bartlos,<\/li>\n\n\n\n<li><strong>Augen<\/strong>: blau,<\/li>\n\n\n\n<li><strong>Besonderheiten<\/strong>: Glatze, keine weiteren Kennzeichen.<\/li>\n<\/ul>\n\n\n\n<p>Vermutlich wurde Kn\u00fcppel in Magdeburg nach\u00a0\u00a7 175a StGB\u00a0zu\u00a0vier Jahren Zuchthaus\u00a0verurteilt. Am\u00a016. Juni 1938wurde er in das\u00a0Zuchthaus Coswig\u00a0transportiert, wo er seine Strafe verb\u00fc\u00dfte.<\/p>\n\n\n\n<h5 class=\"wp-block-heading\">Deportation<\/h5>\n\n\n\n<p>Nach Ende seiner Strafe um\u00a0Januar 1942\u00a0wurde Hans Kn\u00fcppel nicht in die Freiheit entlassen. Stattdessen wurde er am\u00a019. Februar 1942\u00a0zusammen mit f\u00fcnf anderen homosexuellen M\u00e4nnern in das\u00a0KZ Buchenwald\u00a0deportiert. Er erhielt die H\u00e4ftlingsnummer\u00a01.542\u00a0und wurde als\u00a0Homosexueller\u00a0gekennzeichnet.<\/p>\n\n\n\n<ul class=\"wp-block-list\">\n<li><strong>13. M\u00e4rz 1942<\/strong>: Verlegung in das\u00a0M\u00e4nnerlager des KZ Ravensbr\u00fcck, H\u00e4ftlingsnummer\u00a01.432.<\/li>\n\n\n\n<li><strong>20. Juli 1942<\/strong>: Transport ins\u00a0KZ Dachau, Ankunft zwei Tage sp\u00e4ter mit der H\u00e4ftlingsnummer\u00a032.057.<\/li>\n<\/ul>\n\n\n\n<h5 class=\"wp-block-heading\">Tod<\/h5>\n\n\n\n<p>In Dachau verschlechterte sich Hans Kn\u00fcppels Gesundheitszustand rapide. Am\u00a014. Oktober 1942\u00a0wurde er mit einem sogenannten\u00a0&#8222;Invalidentransport&#8220;\u00a0an einen unbekannten Ort gebracht. Viele dieser Transporte f\u00fchrten in Einrichtungen wie das\u00a0Schloss Hartheim, wo H\u00e4ftlinge durch Vergasung ermordet wurden.<\/p>\n\n\n\n<p>Die offiziellen Dokumente geben als Todesdatum den\u00a017. November 1942\u00a0an. Dort wird als angebliche Todesursache \u201eHerzversagen\u201c infolge von Altersschw\u00e4che angegeben. Dieses Datum und die Ursache gelten jedoch als h\u00f6chst zweifelhaft und wurden vermutlich gef\u00e4lscht, um die M\u00f6rder zu sch\u00fctzen. Wahrscheinlicher ist, dass er entweder w\u00e4hrend des Transports oder durch gezielte T\u00f6tung starb, nachdem er durch die\u00a0extremen Haftbedingungen\u00a0und\u00a0systematische Unterversorgung\u00a0bereits geschw\u00e4cht war.<\/p>\n\n\n\n<p>Hans August Kn\u00fcppel starb im Alter von\u00a043 Jahren, nachdem er nur\u00a0neun Monate\u00a0im KZ-System der Nationalsozialisten \u00fcberlebt hatte.<\/p>\n\n\n\n<p><strong>Recherche: <\/strong>Rainer Hoffschildt, Hannover (April 2012)<\/p>","protected":false},"excerpt":{"rendered":"<p>Was wissen wir von ihm? Hans August Kn\u00fcppel wurde als Sohn des Ingenieurs\u00a0Wilhelm August Julius Kn\u00fcppel\u00a0und seiner Frau\u00a0Adele, geborene G\u00fcnther, geboren. Die Familie war\u00a0evangelisch. Im Jahr\u00a01935\u00a0arbeitete Kn\u00fcppel als\u00a0Kaufmann und Eisenh\u00e4ndler\u00a0in Magdeburg. Der damals\u00a036-j\u00e4hrige, unverheiratete Mann wohnte noch bei seinen Eltern in\u00a0Gro\u00df Ottersleben, Hermann-G\u00f6ring-Stra\u00dfe 5\u00a0(heute\u00a0Tucholskystra\u00dfe). Erste Verhaftung und Verurteilung Am\u00a01. August 1935\u00a0wurde Hans Kn\u00fcppel von der [&hellip;]<\/p>\n","protected":false},"author":1,"featured_media":3607,"comment_status":"closed","ping_status":"open","sticky":false,"template":"","format":"standard","meta":{"pgc_sgb_lightbox_settings":"","footnotes":""},"categories":[6,30],"tags":[],"class_list":["post-3605","post","type-post","status-publish","format-standard","has-post-thumbnail","hentry","category-kultur-gedenken","category-stolpersteine"],"_links":{"self":[{"href":"https:\/\/lsvd-lsa.de\/en\/wp-json\/wp\/v2\/posts\/3605","targetHints":{"allow":["GET"]}}],"collection":[{"href":"https:\/\/lsvd-lsa.de\/en\/wp-json\/wp\/v2\/posts"}],"about":[{"href":"https:\/\/lsvd-lsa.de\/en\/wp-json\/wp\/v2\/types\/post"}],"author":[{"embeddable":true,"href":"https:\/\/lsvd-lsa.de\/en\/wp-json\/wp\/v2\/users\/1"}],"replies":[{"embeddable":true,"href":"https:\/\/lsvd-lsa.de\/en\/wp-json\/wp\/v2\/comments?post=3605"}],"version-history":[{"count":2,"href":"https:\/\/lsvd-lsa.de\/en\/wp-json\/wp\/v2\/posts\/3605\/revisions"}],"predecessor-version":[{"id":3741,"href":"https:\/\/lsvd-lsa.de\/en\/wp-json\/wp\/v2\/posts\/3605\/revisions\/3741"}],"wp:featuredmedia":[{"embeddable":true,"href":"https:\/\/lsvd-lsa.de\/en\/wp-json\/wp\/v2\/media\/3607"}],"wp:attachment":[{"href":"https:\/\/lsvd-lsa.de\/en\/wp-json\/wp\/v2\/media?parent=3605"}],"wp:term":[{"taxonomy":"category","embeddable":true,"href":"https:\/\/lsvd-lsa.de\/en\/wp-json\/wp\/v2\/categories?post=3605"},{"taxonomy":"post_tag","embeddable":true,"href":"https:\/\/lsvd-lsa.de\/en\/wp-json\/wp\/v2\/tags?post=3605"}],"curies":[{"name":"wp","href":"https:\/\/api.w.org\/{rel}","templated":true}]}}