{"id":3612,"date":"2013-10-25T09:10:00","date_gmt":"2013-10-25T07:10:00","guid":{"rendered":"https:\/\/lsvd-lsa.de\/?p=3612"},"modified":"2025-02-11T20:43:25","modified_gmt":"2025-02-11T19:43:25","slug":"stolperstein-albert-karl-heinrich-raediger","status":"publish","type":"post","link":"https:\/\/lsvd-lsa.de\/en\/stolperstein-albert-karl-heinrich-raediger\/","title":{"rendered":"Stolperstein: Albert Karl Heinrich R\u00e4diger"},"content":{"rendered":"<ul class=\"wp-block-list\">\n<li>Geboren: 25. Dezember 1907, Gro\u00df-Salze (heute Sch\u00f6nebeck\/Elbe)<\/li>\n\n\n\n<li>Beruf: Stellmacher<br>Stand: unverheiratet<\/li>\n\n\n\n<li>Tod: ermordet am 13. Februar 1943, Vernichtungslager Auschwitz<\/li>\n<\/ul>\n\n\n\n<ul class=\"wp-block-list\">\n<li>Verlegung am 25. Oktober 2013<\/li>\n\n\n\n<li>Gespendet: LSVD Sachsen-Anhalt<\/li>\n\n\n\n<li>Verlegeort: Bahnhofsvorplatz (Willy-Brandt-Platz)<\/li>\n<\/ul>\n\n\n\n<h4 class=\"wp-block-heading\">Was wissen wir von ihm?<\/h4>\n\n\n\n<p>Albert Karl Heinrich R\u00e4diger ger\u00e4t aufgrund des Vorwurfs der Homosexualit\u00e4t in die F\u00e4nge der nationalsozialistischen Justiz. \u00dcber sein Leben ist ausschlie\u00dflich aus Polizei- und Gerichtsunterlagen etwas bekannt.<\/p>\n\n\n\n<h5 class=\"wp-block-heading\"><strong>Erste Verurteilung und Haft in Coswig<\/strong><\/h5>\n\n\n\n<p>Am 16. August 1937 wird der damals 29-J\u00e4hrige von der Polizei Magdeburg wegen eines Versto\u00dfes gegen \u00a7175 StGB in Untersuchungshaft genommen und in das Gef\u00e4ngnis Magdeburg eingeliefert. Bei seiner Einlieferung wird er wie folgt beschrieben: 1,70 m gro\u00df, kr\u00e4ftige Gestalt, dunkelblondes Haar, graue Augen. Am 22. November 1937 verurteilt ihn das Gericht zu sechs Monaten Gef\u00e4ngnis. Seine Haft tritt er jedoch erst am 18. Dezember 1937 an. Da das Urteil nicht auf einem Gest\u00e4ndnis beruht, werden die drei Monate Untersuchungshaft nicht auf die Strafzeit angerechnet. Am 31. M\u00e4rz 1938 erfolgt seine \u00dcberstellung in die Strafanstalt Coswig. Dort d\u00fcrfte er am 18. Juni 1938 seine Strafe verb\u00fc\u00dft haben und entlassen worden sein.<\/p>\n\n\n\n<h5 class=\"wp-block-heading\"><strong>Zweite Verurteilung und Deportation<\/strong><\/h5>\n\n\n\n<p>Am 17. Oktober 1940 wird R\u00e4diger erneut von der Polizei Magdeburg in Untersuchungshaft genommen, diesmal als \u201eR\u00fcckf\u00e4lliger\u201c. Zu diesem Zeitpunkt wohnt er in der Bahnhofstra\u00dfe 8 in Magdeburg. Am 9. Januar 1941 verurteilt ihn das Amtsgericht Magdeburg wegen \u201ewidernat\u00fcrlicher Unzucht\u201c (\u00a7175 StGB) zu einem Jahr und drei Monaten Gef\u00e4ngnis. Dieses Mal legt er ein Gest\u00e4ndnis ab, sodass die drei Monate Untersuchungshaft auf die Strafzeit angerechnet werden. Doch am Ende seiner Strafhaft am 9. Januar 1942 wird er nicht freigelassen, sondern direkt von der Kriminalpolizei in \u201eVorbeugehaft\u201c genommen.<\/p>\n\n\n\n<h5 class=\"wp-block-heading\"><strong>Leidensweg durch das KZ-System<\/strong><\/h5>\n\n\n\n<p>Am 19. Februar 1942 wird der mittlerweile 34-J\u00e4hrige in das Konzentrationslager Buchenwald deportiert. Dort erh\u00e4lt er die H\u00e4ftlingsnummer 1918 und wird im Block 10 untergebracht. Bereits am 12. M\u00e4rz 1942 erfolgt seine \u00dcberstellung in das Konzentrationslager Natzweiler, wo er zwei Tage sp\u00e4ter eintrifft und mit der Kennzeichnung \u201eBV 175 Nr. 825\u201c versehen wird. Von dort wird er am 16. August 1942 in das Konzentrationslager Dachau transportiert, wo er einen Tag sp\u00e4ter die H\u00e4ftlingsnummer 34.672 erh\u00e4lt.<\/p>\n\n\n\n<h5 class=\"wp-block-heading\"><strong>Tod in Auschwitz<\/strong><\/h5>\n\n\n\n<p>Am 26. Oktober 1942 wird Albert R\u00e4diger schlie\u00dflich in das Konzentrationslager Auschwitz deportiert. Dort wird ihm die H\u00e4ftlingsnummer 71.378 zugewiesen. Am 13. Februar 1943 stirbt Albert R\u00e4diger im Alter von nur 35 Jahren im Konzentrationslager Auschwitz, nachdem er ein Jahr im nationalsozialistischen KZ-System \u00fcberlebt hat und in insgesamt vier Konzentrationslagern gelitten hat.<\/p>\n\n\n\n<p>Auf der Sterbeurkunde des Sonderstandesamtes Arolsen ist keine Todesursache vermerkt.<\/p>\n\n\n\n<p><strong>Recherchen:<\/strong> Rainer Hoffschildt, Hannover (August 2013)<\/p>\n\n\n\n<p><\/p>","protected":false},"excerpt":{"rendered":"<p>Was wissen wir von ihm? Albert Karl Heinrich R\u00e4diger ger\u00e4t aufgrund des Vorwurfs der Homosexualit\u00e4t in die F\u00e4nge der nationalsozialistischen Justiz. \u00dcber sein Leben ist ausschlie\u00dflich aus Polizei- und Gerichtsunterlagen etwas bekannt. Erste Verurteilung und Haft in Coswig Am 16. August 1937 wird der damals 29-J\u00e4hrige von der Polizei Magdeburg wegen eines Versto\u00dfes gegen \u00a7175 [&hellip;]<\/p>\n","protected":false},"author":1,"featured_media":3613,"comment_status":"closed","ping_status":"open","sticky":false,"template":"","format":"standard","meta":{"pgc_sgb_lightbox_settings":"","footnotes":""},"categories":[6,30],"tags":[],"class_list":["post-3612","post","type-post","status-publish","format-standard","has-post-thumbnail","hentry","category-kultur-gedenken","category-stolpersteine"],"_links":{"self":[{"href":"https:\/\/lsvd-lsa.de\/en\/wp-json\/wp\/v2\/posts\/3612","targetHints":{"allow":["GET"]}}],"collection":[{"href":"https:\/\/lsvd-lsa.de\/en\/wp-json\/wp\/v2\/posts"}],"about":[{"href":"https:\/\/lsvd-lsa.de\/en\/wp-json\/wp\/v2\/types\/post"}],"author":[{"embeddable":true,"href":"https:\/\/lsvd-lsa.de\/en\/wp-json\/wp\/v2\/users\/1"}],"replies":[{"embeddable":true,"href":"https:\/\/lsvd-lsa.de\/en\/wp-json\/wp\/v2\/comments?post=3612"}],"version-history":[{"count":2,"href":"https:\/\/lsvd-lsa.de\/en\/wp-json\/wp\/v2\/posts\/3612\/revisions"}],"predecessor-version":[{"id":3739,"href":"https:\/\/lsvd-lsa.de\/en\/wp-json\/wp\/v2\/posts\/3612\/revisions\/3739"}],"wp:featuredmedia":[{"embeddable":true,"href":"https:\/\/lsvd-lsa.de\/en\/wp-json\/wp\/v2\/media\/3613"}],"wp:attachment":[{"href":"https:\/\/lsvd-lsa.de\/en\/wp-json\/wp\/v2\/media?parent=3612"}],"wp:term":[{"taxonomy":"category","embeddable":true,"href":"https:\/\/lsvd-lsa.de\/en\/wp-json\/wp\/v2\/categories?post=3612"},{"taxonomy":"post_tag","embeddable":true,"href":"https:\/\/lsvd-lsa.de\/en\/wp-json\/wp\/v2\/tags?post=3612"}],"curies":[{"name":"wp","href":"https:\/\/api.w.org\/{rel}","templated":true}]}}