{"id":3615,"date":"2013-10-25T09:20:00","date_gmt":"2013-10-25T07:20:00","guid":{"rendered":"https:\/\/lsvd-lsa.de\/?p=3615"},"modified":"2025-02-11T20:43:18","modified_gmt":"2025-02-11T19:43:18","slug":"stolperstein-waldemar-boehmel","status":"publish","type":"post","link":"https:\/\/lsvd-lsa.de\/en\/stolperstein-waldemar-boehmel\/","title":{"rendered":"Stolperstein: Waldemar B\u00f6hmel"},"content":{"rendered":"<ul class=\"wp-block-list\">\n<li>Geboren: 07. Februar 1897, Mei\u00dfen<\/li>\n\n\n\n<li>Beruf: Kunstmaler<br>Stand: geschieden<\/li>\n\n\n\n<li>Tod: in Haft verstorben, am 27. Mai 1944<\/li>\n<\/ul>\n\n\n\n<ul class=\"wp-block-list\">\n<li>Verlegung am 25. Oktober 2013<\/li>\n\n\n\n<li>Gespendet: LSVD Sachsen-Anhalt<\/li>\n\n\n\n<li>Verlegeort: Otto-von-Guericke-Stra\u00dfe 46 (bei Ph\u00f6nix-Cocktailbar, N\u00e4he LSVD und Schauspielhaus)<\/li>\n<\/ul>\n\n\n\n<h4 class=\"wp-block-heading\">Was wissen wir von ihm?<\/h4>\n\n\n\n<p>Waldemar B\u00f6hmel stammt aus Mei\u00dfen. Details zu seinem Elternhaus, einem m\u00f6glichen Kunststudium oder Erfolgen als Maler sind nicht bekannt. Wann und warum er nach Magdeburg zog, bleibt ebenfalls unklar. M\u00f6glicherweise f\u00fchrte seine Ehe mit Therese B\u00f6hmel, geborene B\u00fctzner, einer Magdeburgerin, zu diesem Schritt. Das Paar wohnte in der Schoppenstra\u00dfe 1a, blieb kinderlos und lie\u00df sich sp\u00e4ter scheiden. Ob B\u00f6hmels homosexuelle Neigung ein Grund f\u00fcr das Ende der Ehe war, ist ungewiss.<\/p>\n\n\n\n<h5 class=\"wp-block-heading\">Erste Verurteilung: Betrug<\/h5>\n\n\n\n<p>Am\u00a09. April 1934\u00a0wird Waldemar B\u00f6hmel wegen Betrugs zu\u00a0drei Wochen Gef\u00e4ngnis\u00a0verurteilt. Bei seiner Einweisung ins Gef\u00e4ngnis Magdeburg am\u00a020. April 1934\u00a0wird er so beschrieben:\u00a01,82 m gro\u00df, kr\u00e4ftige Gestalt, bartlos, volles Gesicht, braune Augen, dunkle Haare, freie Stirn.\u00a0Nach seiner Haftentlassung zieht er mit seiner Frau in die Stra\u00dfe Himmelreich 14.<\/p>\n\n\n\n<h5 class=\"wp-block-heading\">Vorwurf der Kuppelei<\/h5>\n\n\n\n<p>Am\u00a01. Januar 1936\u00a0wird B\u00f6hmel unter dem Vorwurf der Kuppelei erneut in Untersuchungshaft genommen. Es ist unklar, worum es in diesem Fall konkret geht. In der NS-Zeit wurde jedoch h\u00e4ufig auch gegen Wirte und Kellner vorgegangen, deren Lokale Treffpunkte f\u00fcr homosexuelle M\u00e4nner waren. In diesem Verfahren ist auch seine Ehefrau Therese angeklagt, wird jedoch nicht verurteilt. B\u00f6hmel selbst verb\u00fc\u00dft vermutlich eine Zuchthausstrafe in Coswig. Nach dieser Haftzeit lebt er, inzwischen geschieden, in der\u00a0Otto-von-Guericke-Stra\u00dfe 46.<\/p>\n\n\n\n<h5 class=\"wp-block-heading\">Verurteilung nach \u00a7 175<\/h5>\n\n\n\n<p>Am\u00a031. August 1940\u00a0wird Waldemar B\u00f6hmel erneut in Untersuchungshaft genommen, diesmal wegen Versto\u00dfes gegen\u00a0\u00a7 175 StGB, das Verbot der Homosexualit\u00e4t. Die Unterlagen weisen aus, dass er zuvor\u00a0vier Gef\u00e4ngnisstrafen und eine Zuchthausstrafe\u00a0verb\u00fc\u00dft hatte. Am\u00a06. Februar 1941\u00a0verurteilt ihn das Gericht wegen\u00a0\u201efortgesetzter Unzucht mit einem Mann\u201c\u00a0zu\u00a0zwei Jahren und sechs Monaten Gef\u00e4ngnis. Der Begriff \u201efortgesetzt\u201c k\u00f6nnte auf eine l\u00e4ngere Beziehung hindeuten. Da die fast sechsmonatige Untersuchungshaft nicht auf die Strafzeit angerechnet wird, war er vermutlich nicht gest\u00e4ndig.<\/p>\n\n\n\n<h5 class=\"wp-block-heading\">Tod in der Haft<\/h5>\n\n\n\n<p>Auch nach dem rechnerischen Strafende am\u00a06. August 1943\u00a0wird B\u00f6hmel nicht freigelassen. Stattdessen erh\u00e4lt er offenbar eine weitere Strafe, m\u00f6glicherweise im Rahmen einer\u00a0\u201eVorbeugehaft\u201c, wie sie h\u00e4ufig gegen Homosexuelle verh\u00e4ngt wurde. Schlie\u00dflich verstirbt Waldemar B\u00f6hmel am\u00a027. Mai 1944\u00a0in der Haft. Eine Todesursache ist in den Unterlagen nicht vermerkt.<\/p>\n\n\n\n<p><strong>Recherche:<\/strong> Rainer Hoffschildt, Hannover (August 2013)<\/p>","protected":false},"excerpt":{"rendered":"<p>Was wissen wir von ihm? Waldemar B\u00f6hmel stammt aus Mei\u00dfen. Details zu seinem Elternhaus, einem m\u00f6glichen Kunststudium oder Erfolgen als Maler sind nicht bekannt. Wann und warum er nach Magdeburg zog, bleibt ebenfalls unklar. M\u00f6glicherweise f\u00fchrte seine Ehe mit Therese B\u00f6hmel, geborene B\u00fctzner, einer Magdeburgerin, zu diesem Schritt. Das Paar wohnte in der Schoppenstra\u00dfe 1a, [&hellip;]<\/p>\n","protected":false},"author":1,"featured_media":3617,"comment_status":"closed","ping_status":"open","sticky":false,"template":"","format":"standard","meta":{"pgc_sgb_lightbox_settings":"","footnotes":""},"categories":[6,30],"tags":[],"class_list":["post-3615","post","type-post","status-publish","format-standard","has-post-thumbnail","hentry","category-kultur-gedenken","category-stolpersteine"],"_links":{"self":[{"href":"https:\/\/lsvd-lsa.de\/en\/wp-json\/wp\/v2\/posts\/3615","targetHints":{"allow":["GET"]}}],"collection":[{"href":"https:\/\/lsvd-lsa.de\/en\/wp-json\/wp\/v2\/posts"}],"about":[{"href":"https:\/\/lsvd-lsa.de\/en\/wp-json\/wp\/v2\/types\/post"}],"author":[{"embeddable":true,"href":"https:\/\/lsvd-lsa.de\/en\/wp-json\/wp\/v2\/users\/1"}],"replies":[{"embeddable":true,"href":"https:\/\/lsvd-lsa.de\/en\/wp-json\/wp\/v2\/comments?post=3615"}],"version-history":[{"count":2,"href":"https:\/\/lsvd-lsa.de\/en\/wp-json\/wp\/v2\/posts\/3615\/revisions"}],"predecessor-version":[{"id":3750,"href":"https:\/\/lsvd-lsa.de\/en\/wp-json\/wp\/v2\/posts\/3615\/revisions\/3750"}],"wp:featuredmedia":[{"embeddable":true,"href":"https:\/\/lsvd-lsa.de\/en\/wp-json\/wp\/v2\/media\/3617"}],"wp:attachment":[{"href":"https:\/\/lsvd-lsa.de\/en\/wp-json\/wp\/v2\/media?parent=3615"}],"wp:term":[{"taxonomy":"category","embeddable":true,"href":"https:\/\/lsvd-lsa.de\/en\/wp-json\/wp\/v2\/categories?post=3615"},{"taxonomy":"post_tag","embeddable":true,"href":"https:\/\/lsvd-lsa.de\/en\/wp-json\/wp\/v2\/tags?post=3615"}],"curies":[{"name":"wp","href":"https:\/\/api.w.org\/{rel}","templated":true}]}}