{"id":3619,"date":"2015-11-18T09:28:00","date_gmt":"2015-11-18T08:28:00","guid":{"rendered":"https:\/\/lsvd-lsa.de\/?p=3619"},"modified":"2025-02-11T20:43:09","modified_gmt":"2025-02-11T19:43:09","slug":"stolperstein-adolf-billmann","status":"publish","type":"post","link":"https:\/\/lsvd-lsa.de\/en\/stolperstein-adolf-billmann\/","title":{"rendered":"Stolperstein: Adolf Billmann"},"content":{"rendered":"<ul class=\"wp-block-list\">\n<li>Geboren: 06. Februar 1879, Karlsruhe<\/li>\n\n\n\n<li>Beruf: Kaufmann<\/li>\n\n\n\n<li>Tod: ermordet am 28. Januar 1940, KZ Mauthausen<\/li>\n<\/ul>\n\n\n\n<ul class=\"wp-block-list\">\n<li>Verlegung am 18. November 2015<\/li>\n\n\n\n<li>Gespendet: J\u00fcrgen Mory, Magdeburg<\/li>\n\n\n\n<li>Verlegeort: Kr\u00fcgerbr\u00fccke 6 (Ecke Ulrichsplatz)<\/li>\n<\/ul>\n\n\n\n<h4 class=\"wp-block-heading\">Was wissen wir von ihm?<\/h4>\n\n\n\n<p>Adolf Billmann, lediger Kaufmann, wird&nbsp;1879 in Karlsruhe&nbsp;geboren. Er lebt in Magdeburg in der&nbsp;Kr\u00fcgerbr\u00fccke 1b, bevor er aufgrund seiner Homosexualit\u00e4t verhaftet und in Konzentrationslager deportiert wird. \u00dcber seinen Lebenslauf vor der Verhaftung sind kaum Informationen erhalten.<\/p>\n\n\n\n<h5 class=\"wp-block-heading\">Haftbeginn im KZ Lichtenburg<\/h5>\n\n\n\n<p>Am&nbsp;2. April 1937, im Alter von 58 Jahren, wird Adolf Billmann im&nbsp;KZ Lichtenburg&nbsp;inhaftiert. Dieser fr\u00fche Haftzeitpunkt l\u00e4sst darauf schlie\u00dfen, dass er als Homosexueller unter den repressiven Ma\u00dfnahmen der NS-Regierung fr\u00fch ins Visier geriet. Aus dem Geldbuch des KZ geht hervor, dass er zu diesem Zeitpunkt bereits inhaftiert ist.<\/p>\n\n\n\n<h5 class=\"wp-block-heading\">Verlegung ins KZ Buchenwald und Deportation ins KZ Mauthausen<\/h5>\n\n\n\n<p>Am&nbsp;16. September 1937&nbsp;wird Billmann als&nbsp;Vorbeugeh\u00e4ftling&nbsp;in das&nbsp;KZ Buchenwald&nbsp;transportiert. Dort erh\u00e4lt er die H\u00e4ftlingsnummer&nbsp;2.362. Seine Homosexualit\u00e4t d\u00fcrfte der Hauptgrund f\u00fcr seine fortgesetzte Inhaftierung gewesen sein, die von Lager zu Lager f\u00fchrte. <\/p>\n\n\n\n<p>Am&nbsp;17. Oktober 1938&nbsp;wird Adolf Billmann in das&nbsp;KZ Mauthausen&nbsp;verlegt, wo er einen Tag sp\u00e4ter eintrifft und die Nummer&nbsp;215 VB&nbsp;(Vorbeugeh\u00e4ftling) zugewiesen bekommt. Mauthausen, bekannt f\u00fcr seine besonders harten Bedingungen und brutalen Arbeitskommandos, stellt eine weitere Versch\u00e4rfung seines Leidens dar.<\/p>\n\n\n\n<h5 class=\"wp-block-heading\">Aufenthalt im KZ Dachau und erneute R\u00fcckkehr nach Mauthausen<\/h5>\n\n\n\n<p>Am&nbsp;8. Mai 1939&nbsp;erfolgt eine weitere Verlegung, diesmal in das&nbsp;KZ Dachau, wo Billmann die Nummer&nbsp;33.236&nbsp;erh\u00e4lt und erneut als Homosexueller registriert wird. Doch bereits am&nbsp;27. September 1939&nbsp;wird er zur\u00fcck in das KZ Mauthausen transportiert.<\/p>\n\n\n\n<h5 class=\"wp-block-heading\">Tod im KZ Mauthausen<\/h5>\n\n\n\n<p>Am&nbsp;28. Januar 1940&nbsp;stirbt Adolf Billmann im Alter von&nbsp;60 Jahren&nbsp;um&nbsp;20:00 Uhr&nbsp;im KZ Mauthausen. Die offizielle Todesursache wird mit&nbsp;Arterienverkalkung und Gehirnschlag&nbsp;angegeben. Es ist jedoch wahrscheinlich, dass die tats\u00e4chlichen Ursachen in den&nbsp;jahrelangen Strapazen der Haft, der Zwangsarbeit und der katastrophalen Unterversorgung&nbsp;im Lager liegen.<\/p>\n\n\n\n<p><strong>Recherchen: <\/strong>Rainer Hoffschildt, Hannover (Oktober 2015)<\/p>\n\n\n\n<p><\/p>","protected":false},"excerpt":{"rendered":"<p>Was wissen wir von ihm? Adolf Billmann, lediger Kaufmann, wird&nbsp;1879 in Karlsruhe&nbsp;geboren. Er lebt in Magdeburg in der&nbsp;Kr\u00fcgerbr\u00fccke 1b, bevor er aufgrund seiner Homosexualit\u00e4t verhaftet und in Konzentrationslager deportiert wird. \u00dcber seinen Lebenslauf vor der Verhaftung sind kaum Informationen erhalten. Haftbeginn im KZ Lichtenburg Am&nbsp;2. April 1937, im Alter von 58 Jahren, wird Adolf Billmann [&hellip;]<\/p>\n","protected":false},"author":1,"featured_media":3620,"comment_status":"closed","ping_status":"open","sticky":false,"template":"","format":"standard","meta":{"pgc_sgb_lightbox_settings":"","footnotes":""},"categories":[6,30],"tags":[],"class_list":["post-3619","post","type-post","status-publish","format-standard","has-post-thumbnail","hentry","category-kultur-gedenken","category-stolpersteine"],"_links":{"self":[{"href":"https:\/\/lsvd-lsa.de\/en\/wp-json\/wp\/v2\/posts\/3619","targetHints":{"allow":["GET"]}}],"collection":[{"href":"https:\/\/lsvd-lsa.de\/en\/wp-json\/wp\/v2\/posts"}],"about":[{"href":"https:\/\/lsvd-lsa.de\/en\/wp-json\/wp\/v2\/types\/post"}],"author":[{"embeddable":true,"href":"https:\/\/lsvd-lsa.de\/en\/wp-json\/wp\/v2\/users\/1"}],"replies":[{"embeddable":true,"href":"https:\/\/lsvd-lsa.de\/en\/wp-json\/wp\/v2\/comments?post=3619"}],"version-history":[{"count":4,"href":"https:\/\/lsvd-lsa.de\/en\/wp-json\/wp\/v2\/posts\/3619\/revisions"}],"predecessor-version":[{"id":3737,"href":"https:\/\/lsvd-lsa.de\/en\/wp-json\/wp\/v2\/posts\/3619\/revisions\/3737"}],"wp:featuredmedia":[{"embeddable":true,"href":"https:\/\/lsvd-lsa.de\/en\/wp-json\/wp\/v2\/media\/3620"}],"wp:attachment":[{"href":"https:\/\/lsvd-lsa.de\/en\/wp-json\/wp\/v2\/media?parent=3619"}],"wp:term":[{"taxonomy":"category","embeddable":true,"href":"https:\/\/lsvd-lsa.de\/en\/wp-json\/wp\/v2\/categories?post=3619"},{"taxonomy":"post_tag","embeddable":true,"href":"https:\/\/lsvd-lsa.de\/en\/wp-json\/wp\/v2\/tags?post=3619"}],"curies":[{"name":"wp","href":"https:\/\/api.w.org\/{rel}","templated":true}]}}