{"id":3622,"date":"2014-05-16T09:32:00","date_gmt":"2014-05-16T07:32:00","guid":{"rendered":"https:\/\/lsvd-lsa.de\/?p=3622"},"modified":"2025-02-11T20:43:13","modified_gmt":"2025-02-11T19:43:13","slug":"einweihung-des-magnus-hirschfeld-weg","status":"publish","type":"post","link":"https:\/\/lsvd-lsa.de\/en\/einweihung-des-magnus-hirschfeld-weg\/","title":{"rendered":"Einweihung des Magnus-Hirschfeld-Weg"},"content":{"rendered":"<p>Seit dem&nbsp;<strong>16. Mai 2015<\/strong>&nbsp;erinnert der&nbsp;<strong>Magnus-Hirschfeld-Weg<\/strong>&nbsp;in Magdeburg an den ber\u00fchmten Arzt, Sexualwissenschaftler und Begr\u00fcnder der ersten Homosexuellen-Bewegung in Deutschland,&nbsp;<strong>Dr. Magnus Hirschfeld<\/strong>. Die Stra\u00dfe befindet sich in der N\u00e4he seiner damaligen Wohnung in der&nbsp;<strong>Nachtweide 95<\/strong>. Die Benennung wurde am&nbsp;<strong>24. April 2014<\/strong>&nbsp;vom Magdeburger Stadtrat beschlossen, basierend auf einem Antrag von&nbsp;<strong>B\u00fcndnis 90\/Die Gr\u00fcnen<\/strong>&nbsp;aus dem Jahr 2012.<\/p>\n\n\n\n<p>Ein erl\u00e4uterndes Zusatzschild am Stra\u00dfennamen wurde durch den ehemaligen Bundestagsabgeordneten und&nbsp;<strong>SPD-Landesvorsitzenden Burkhard Lischka<\/strong>&nbsp;gesponsert. Die Initiative f\u00fcr diese Ehrung ging ma\u00dfgeblich vom&nbsp;<strong>LSVD Sachsen-Anhalt<\/strong>&nbsp;aus, insbesondere unter der Leitung von&nbsp;<strong>Martin Pfarr<\/strong>&nbsp;(LSVD-Landesvorstand, \u2020 21.12.2015), der sich im Rahmen der Erinnerungsarbeit des Verbandes f\u00fcr die Realisierung stark gemacht hatte.<\/p>\n\n\n\n<h4 class=\"wp-block-heading\">Gedenkveranstaltung zur Einweihung<\/h4>\n\n\n\n<p>Die Stra\u00dfeneinweihung wurde von einer&nbsp;<strong>Gedenkveranstaltung<\/strong>&nbsp;im Magdeburger Gesellschaftshaus begleitet, die dem&nbsp;<strong>80. Todestag von Magnus Hirschfeld (\u2020 14. Mai 1935)<\/strong>&nbsp;gewidmet war. Auch der damalige Bundesjustizminister&nbsp;<strong>Heiko Maas<\/strong>&nbsp;nahm an der Veranstaltung teil und w\u00fcrdigte Hirschfelds Verm\u00e4chtnis.<\/p>\n\n\n\n<h4 class=\"wp-block-heading\">Hirschfelds fr\u00fche Jahre in Magdeburg<\/h4>\n\n\n\n<p>Zwischen&nbsp;<strong>1894 und 1896<\/strong>&nbsp;war Magdeburg Hirschfelds erste Wirkungsst\u00e4tte. Im&nbsp;<strong>April 1894<\/strong>&nbsp;lie\u00df er sich als&nbsp;<strong>praktischer Arzt und Arzt f\u00fcr Naturheilkunde<\/strong>&nbsp;nieder und wohnte in der&nbsp;<strong>Nachtweide 95<\/strong>, in der&nbsp;<strong>Neuen Neustadt<\/strong>. Dort er\u00f6ffnete er auch seine erste Praxis und \u00fcbernahm im Mai 1894, im Alter von nur&nbsp;<strong>26 Jahren<\/strong>, die Leitung der&nbsp;<strong>Sozialhygienischen Lehranstalt<\/strong>, die sich im selben Haus befand.<\/p>\n\n\n\n<p>Unter Hirschfelds Leitung erhielt die Einrichtung im Jahr&nbsp;<strong>1895<\/strong>&nbsp;das beh\u00f6rdliche G\u00fctesiegel einer&nbsp;<strong>\u201ekonzessionierten Naturheilanstalt\u201c<\/strong>, ein Beweis f\u00fcr seine medizinische Kompetenz und sein Engagement in der Gesundheitsf\u00fcrsorge.<\/p>\n\n\n\n<p>Diese W\u00fcrdigung zeigt, wie tief Hirschfelds Verm\u00e4chtnis sowohl in der lokalen als auch in der gesellschaftlichen Geschichte verwurzelt ist.<\/p>","protected":false},"excerpt":{"rendered":"<p>Seit dem&nbsp;16. Mai 2015&nbsp;erinnert der&nbsp;Magnus-Hirschfeld-Weg&nbsp;in Magdeburg an den ber\u00fchmten Arzt, Sexualwissenschaftler und Begr\u00fcnder der ersten Homosexuellen-Bewegung in Deutschland,&nbsp;Dr. Magnus Hirschfeld. Die Stra\u00dfe befindet sich in der N\u00e4he seiner damaligen Wohnung in der&nbsp;Nachtweide 95. Die Benennung wurde am&nbsp;24. April 2014&nbsp;vom Magdeburger Stadtrat beschlossen, basierend auf einem Antrag von&nbsp;B\u00fcndnis 90\/Die Gr\u00fcnen&nbsp;aus dem Jahr 2012. Ein erl\u00e4uterndes Zusatzschild [&hellip;]<\/p>\n","protected":false},"author":1,"featured_media":3623,"comment_status":"closed","ping_status":"open","sticky":false,"template":"","format":"standard","meta":{"pgc_sgb_lightbox_settings":"","footnotes":""},"categories":[6],"tags":[],"class_list":["post-3622","post","type-post","status-publish","format-standard","has-post-thumbnail","hentry","category-kultur-gedenken"],"_links":{"self":[{"href":"https:\/\/lsvd-lsa.de\/en\/wp-json\/wp\/v2\/posts\/3622","targetHints":{"allow":["GET"]}}],"collection":[{"href":"https:\/\/lsvd-lsa.de\/en\/wp-json\/wp\/v2\/posts"}],"about":[{"href":"https:\/\/lsvd-lsa.de\/en\/wp-json\/wp\/v2\/types\/post"}],"author":[{"embeddable":true,"href":"https:\/\/lsvd-lsa.de\/en\/wp-json\/wp\/v2\/users\/1"}],"replies":[{"embeddable":true,"href":"https:\/\/lsvd-lsa.de\/en\/wp-json\/wp\/v2\/comments?post=3622"}],"version-history":[{"count":1,"href":"https:\/\/lsvd-lsa.de\/en\/wp-json\/wp\/v2\/posts\/3622\/revisions"}],"predecessor-version":[{"id":3624,"href":"https:\/\/lsvd-lsa.de\/en\/wp-json\/wp\/v2\/posts\/3622\/revisions\/3624"}],"wp:featuredmedia":[{"embeddable":true,"href":"https:\/\/lsvd-lsa.de\/en\/wp-json\/wp\/v2\/media\/3623"}],"wp:attachment":[{"href":"https:\/\/lsvd-lsa.de\/en\/wp-json\/wp\/v2\/media?parent=3622"}],"wp:term":[{"taxonomy":"category","embeddable":true,"href":"https:\/\/lsvd-lsa.de\/en\/wp-json\/wp\/v2\/categories?post=3622"},{"taxonomy":"post_tag","embeddable":true,"href":"https:\/\/lsvd-lsa.de\/en\/wp-json\/wp\/v2\/tags?post=3622"}],"curies":[{"name":"wp","href":"https:\/\/api.w.org\/{rel}","templated":true}]}}