{"id":3625,"date":"2015-11-18T09:37:00","date_gmt":"2015-11-18T08:37:00","guid":{"rendered":"https:\/\/lsvd-lsa.de\/?p=3625"},"modified":"2025-02-11T20:43:01","modified_gmt":"2025-02-11T19:43:01","slug":"stolperstein-otto-friedrich-koennecke","status":"publish","type":"post","link":"https:\/\/lsvd-lsa.de\/en\/stolperstein-otto-friedrich-koennecke\/","title":{"rendered":"Stolperstein: Otto Friedrich K\u00f6nnecke"},"content":{"rendered":"<ul class=\"wp-block-list\">\n<li>Geboren: 02. Januar 1902, Breitenhagen bei Calbe<\/li>\n\n\n\n<li>Beruf: Stra\u00dfenbahnschaffner<\/li>\n\n\n\n<li>Tod: ermordet am 26. Januar 1941, KZ Sachsenhausen<\/li>\n<\/ul>\n\n\n\n<ul class=\"wp-block-list\">\n<li>Verlegung am 18. November 2015<\/li>\n\n\n\n<li>Gespendet: LSVD Sachsen-Anhalt<\/li>\n\n\n\n<li>Verlegeort: Braunschweiger Stra\u00dfe 102<\/li>\n<\/ul>\n\n\n\n<h4 class=\"wp-block-heading\">Was wissen wir von ihm?<\/h4>\n\n\n\n<p>Otto Friedrich K\u00f6nnecke\u00a0wird am\u00a02. Januar 1902\u00a0in Breitenhagen bei Calbe (heute Teil von Barby) geboren. 1934 arbeitet der\u00a0Ledige\u00a0als\u00a0Stra\u00dfenbahnschaffner\u00a0in Magdeburg und lebt mit seiner Mutter,\u00a0Sophie K\u00f6nnecke, in der\u00a0Braunschweiger Stra\u00dfe 102.<\/p>\n\n\n\n<h5 class=\"wp-block-heading\">Erste Verhaftung und Verurteilung 1934<\/h5>\n\n\n\n<p>Am\u00a025. August 1934\u00a0wird der 32-J\u00e4hrige von der Polizei Magdeburg aufgrund von \u00a7175 StGB, der sogenannten \u201ewidernat\u00fcrlichen Unzucht\u201c, in Untersuchungshaft genommen. Am\u00a03. November 1934\u00a0verurteilt ihn ein Gericht zu\u00a0drei Monaten Gef\u00e4ngnis. Dank seines Gest\u00e4ndnisses wird die Untersuchungshaft auf die Strafe angerechnet, und K\u00f6nnecke wird bereits am\u00a024. November 1934\u00a0entlassen.<br>In den Haftunterlagen wird er wie folgt beschrieben:\u00a01,70 m gro\u00df, schlanke Gestalt, rasiert, blaue Augen, blondes Haar.<\/p>\n\n\n\n<h5 class=\"wp-block-heading\">Zweite Verhaftung und schwere Haftstrafe 1939<\/h5>\n\n\n\n<p>Am\u00a026. Januar 1939\u00a0wird K\u00f6nnecke erneut aufgrund von \u00a7175 StGB in Untersuchungshaft genommen. Zu diesem Zeitpunkt wohnt er immer noch mit seiner Mutter in der Braunschweiger Stra\u00dfe. Am\u00a09. Februar 1939\u00a0verurteilt ihn ein Gericht zu\u00a0acht Monaten Gef\u00e4ngnis. Eine weitere Verurteilung folgt am\u00a015. Juni 1939\u00a0gem\u00e4\u00df \u00a7175a StGB, diesmal zu einer\u00a0Gesamtstrafe von einem Jahr und acht Monaten, wobei zwei Wochen Untersuchungshaft angerechnet werden.<\/p>\n\n\n\n<p>Am\u00a013. Februar 1939\u00a0wird K\u00f6nnecke in das\u00a0Strafgefangenenlager Oberlangen\u00a0im Emsland \u00fcberf\u00fchrt. Dort muss er Schwerstarbeit im Moor leisten, unter unmenschlichen Bedingungen.<\/p>\n\n\n\n<h5 class=\"wp-block-heading\">Deportation ins KZ Sachsenhausen<\/h5>\n\n\n\n<p>Zu seinem Strafende am\u00a025. September 1940\u00a0wird K\u00f6nnecke nicht freigelassen, sondern der Polizei \u00fcbergeben. Etwa im November 1940 wird er in das\u00a0KZ Sachsenhausen\u00a0deportiert. Dort erh\u00e4lt er die H\u00e4ftlingsnummer\u00a034.108\u00a0und wird als \u201eBerufsverbrecher\u201c eingestuft. Homosexuelle M\u00e4nner wie er wurden in Sachsenhausen meist in die\u00a0Strafkompanie\u00a0eingeteilt, wo die Haftbedingungen besonders grausam waren.<\/p>\n\n\n\n<h5 class=\"wp-block-heading\">Tod im KZ Sachsenhausen<\/h5>\n\n\n\n<p>Am\u00a026. Januar 1941\u00a0stirbt Otto K\u00f6nnecke im Alter von\u00a039 Jahren\u00a0im KZ Sachsenhausen. Offiziell wird als Todesursache\u00a0akute Herzschw\u00e4che bei schwerem Dickdarmkatarrh\u00a0angegeben. Tats\u00e4chlich ist jedoch davon auszugehen, dass die\u00a0jahrelange Haft, Zwangsarbeit und chronische Unterversorgung\u00a0seinen Tod herbeigef\u00fchrt haben.<\/p>\n\n\n\n<p>Otto K\u00f6nnecke starb unter den grausamen Bedingungen des NS-Regimes und steht symbolisch f\u00fcr die Verfolgung homosexueller M\u00e4nner in der Zeit des Nationalsozialismus.<\/p>\n\n\n\n<p><strong>Recherche:<\/strong> Rainer Hoffschildt, Hannover (Oktober 2015)<\/p>","protected":false},"excerpt":{"rendered":"<p>Was wissen wir von ihm? Otto Friedrich K\u00f6nnecke\u00a0wird am\u00a02. Januar 1902\u00a0in Breitenhagen bei Calbe (heute Teil von Barby) geboren. 1934 arbeitet der\u00a0Ledige\u00a0als\u00a0Stra\u00dfenbahnschaffner\u00a0in Magdeburg und lebt mit seiner Mutter,\u00a0Sophie K\u00f6nnecke, in der\u00a0Braunschweiger Stra\u00dfe 102. Erste Verhaftung und Verurteilung 1934 Am\u00a025. August 1934\u00a0wird der 32-J\u00e4hrige von der Polizei Magdeburg aufgrund von \u00a7175 StGB, der sogenannten \u201ewidernat\u00fcrlichen Unzucht\u201c, [&hellip;]<\/p>\n","protected":false},"author":1,"featured_media":3626,"comment_status":"closed","ping_status":"open","sticky":false,"template":"","format":"standard","meta":{"pgc_sgb_lightbox_settings":"","footnotes":""},"categories":[6,30],"tags":[],"class_list":["post-3625","post","type-post","status-publish","format-standard","has-post-thumbnail","hentry","category-kultur-gedenken","category-stolpersteine"],"_links":{"self":[{"href":"https:\/\/lsvd-lsa.de\/en\/wp-json\/wp\/v2\/posts\/3625","targetHints":{"allow":["GET"]}}],"collection":[{"href":"https:\/\/lsvd-lsa.de\/en\/wp-json\/wp\/v2\/posts"}],"about":[{"href":"https:\/\/lsvd-lsa.de\/en\/wp-json\/wp\/v2\/types\/post"}],"author":[{"embeddable":true,"href":"https:\/\/lsvd-lsa.de\/en\/wp-json\/wp\/v2\/users\/1"}],"replies":[{"embeddable":true,"href":"https:\/\/lsvd-lsa.de\/en\/wp-json\/wp\/v2\/comments?post=3625"}],"version-history":[{"count":2,"href":"https:\/\/lsvd-lsa.de\/en\/wp-json\/wp\/v2\/posts\/3625\/revisions"}],"predecessor-version":[{"id":3747,"href":"https:\/\/lsvd-lsa.de\/en\/wp-json\/wp\/v2\/posts\/3625\/revisions\/3747"}],"wp:featuredmedia":[{"embeddable":true,"href":"https:\/\/lsvd-lsa.de\/en\/wp-json\/wp\/v2\/media\/3626"}],"wp:attachment":[{"href":"https:\/\/lsvd-lsa.de\/en\/wp-json\/wp\/v2\/media?parent=3625"}],"wp:term":[{"taxonomy":"category","embeddable":true,"href":"https:\/\/lsvd-lsa.de\/en\/wp-json\/wp\/v2\/categories?post=3625"},{"taxonomy":"post_tag","embeddable":true,"href":"https:\/\/lsvd-lsa.de\/en\/wp-json\/wp\/v2\/tags?post=3625"}],"curies":[{"name":"wp","href":"https:\/\/api.w.org\/{rel}","templated":true}]}}