{"id":3656,"date":"2021-11-24T10:04:00","date_gmt":"2021-11-24T09:04:00","guid":{"rendered":"https:\/\/lsvd-lsa.de\/?p=3656"},"modified":"2025-02-11T20:42:23","modified_gmt":"2025-02-11T19:42:23","slug":"stolperstein-paul-fitzner","status":"publish","type":"post","link":"https:\/\/lsvd-lsa.de\/en\/stolperstein-paul-fitzner\/","title":{"rendered":"Stolperstein: Paul Fitzner"},"content":{"rendered":"<ul class=\"wp-block-list\">\n<li>Geboren: 09. Januar 1898, Wilmersdorf (Heute Berlin-Wilmersdorf)<\/li>\n\n\n\n<li>Beruf: kaufm\u00e4nnischer Angestellter<\/li>\n\n\n\n<li>Tod: ermordet am 19. M\u00e4rz 1941, KZ Sachsenhausen<\/li>\n<\/ul>\n\n\n\n<ul class=\"wp-block-list\">\n<li>Verlegung am 24. November 2021<\/li>\n\n\n\n<li>Gespendet: LSVD Sachsen-Anhalt<\/li>\n\n\n\n<li>Verlegeort: Gro\u00dfe Diesdorfer Stra\u00dfe 13 (Schr\u00e4g gegenu\u0308ber vom Blumenpavillon)<\/li>\n<\/ul>\n\n\n\n<h4 class=\"wp-block-heading\">Was wissen wir von ihm?<\/h4>\n\n\n\n<p>Paul Fitzner wird\u00a01898 in Wilmersdorf\u00a0(heute Berlin-Wilmersdorf) geboren. Als\u00a0kaufm\u00e4nnischer Angestellter\u00a0lebt der unverheiratete Mann zuletzt in Magdeburg in der\u00a0Gro\u00dfen Diesdorfer Stra\u00dfe 13. Fitzner bezeichnet sich als\u00a0Dissident, was darauf hindeutet, dass er keiner Kirche angeh\u00f6rte.<\/p>\n\n\n\n<h5 class=\"wp-block-heading\">Erste Verhaftung und Untersuchungshaft<\/h5>\n\n\n\n<p>Am\u00a023. Mai 1938\u00a0wird Fitzner von der Polizei Magdeburg in Untersuchungshaft genommen und in das\u00a0Gef\u00e4ngnis Magdeburg\u00a0gebracht. Dort wird eine Personenbeschreibung erstellt:<\/p>\n\n\n\n<ul class=\"wp-block-list\">\n<li><strong>Gr\u00f6\u00dfe<\/strong>: 1,68 m<\/li>\n\n\n\n<li><strong>Gestalt<\/strong>: untersetzt<\/li>\n\n\n\n<li><strong>Bart<\/strong>: rasiert<\/li>\n\n\n\n<li><strong>Augen<\/strong>: hellblau<\/li>\n\n\n\n<li><strong>Haare<\/strong>: blond<\/li>\n<\/ul>\n\n\n\n<p>Auf seiner Karteikarte notiert man zudem, dass er keinen Kontakt zu \u201eTatgenossen\u201c haben d\u00fcrfe, was seine Isolation als homosexueller H\u00e4ftling unterstreicht.<\/p>\n\n\n\n<h5 class=\"wp-block-heading\">Verurteilung und Haftstrafe<\/h5>\n\n\n\n<p>Ein Gericht in Magdeburg verurteilt Fitzner am\u00a019. Juli 1938\u00a0wegen \u201ewidernat\u00fcrlicher Unzucht\u201c nach\u00a0\u00a7175 StGB. Unter Anrechnung von zwei Monaten Untersuchungshaft wird eine Strafe von\u00a0zwei Jahren und sechs Monaten Gef\u00e4ngnis\u00a0verh\u00e4ngt.<\/p>\n\n\n\n<h5 class=\"wp-block-heading\">Strafverb\u00fc\u00dfung in Gommern, \u00dcbergabe an die Polizei sowie Deportation<\/h5>\n\n\n\n<p>Am\u00a019. September 1938\u00a0wird Fitzner zur Strafverb\u00fc\u00dfung in das\u00a0Gef\u00e4ngnis Gommern\u00a0\u00fcberf\u00fchrt. W\u00e4hrend seiner Haft wird er mehrfach f\u00fcr kurze Zeit nach Magdeburg zur\u00fcckgebracht. Zuletzt kehrt er am\u00a022. November 1940\u00a0aus Gommern ins Magdeburger Gef\u00e4ngnis zur\u00fcck.<\/p>\n\n\n\n<p>Nach vollst\u00e4ndiger Verb\u00fc\u00dfung seiner Strafe wird Paul Fitzner nicht freigelassen. Stattdessen wird er am\u00a029. Dezember 1940\u00a0der Kriminalpolizei Magdeburg \u00fcbergeben. Etwa im\u00a0Februar 1941\u00a0deportiert die Polizei ihn in das\u00a0KZ Sachsenhausen\u00a0bei Berlin, wo er die H\u00e4ftlingsnummer\u00a035.799\u00a0erh\u00e4lt.<\/p>\n\n\n\n<h5 class=\"wp-block-heading\">Ermordung im KZ Sachsenhausen<\/h5>\n\n\n\n<p>Paul Fitzner wird am\u00a019. M\u00e4rz 1941\u00a0um 0:30 Uhr im Alter von\u00a043 Jahren\u00a0im KZ Sachsenhausen ermordet. Offiziell gibt man als Todesursache \u201eVersagen von Herz und Kreislauf\u201c an. Diese Eintragung ist jedoch h\u00f6chstwahrscheinlich eine F\u00e4lschung, um die tats\u00e4chliche Verantwortung der NS-T\u00e4ter zu vertuschen.<\/p>\n\n\n\n<p><strong>Recherche: <\/strong>Rainer Hoffschildt, Hannover; Lothar D\u00f6nitz, Berlin (2019)<\/p>","protected":false},"excerpt":{"rendered":"<p>Was wissen wir von ihm? Paul Fitzner wird\u00a01898 in Wilmersdorf\u00a0(heute Berlin-Wilmersdorf) geboren. Als\u00a0kaufm\u00e4nnischer Angestellter\u00a0lebt der unverheiratete Mann zuletzt in Magdeburg in der\u00a0Gro\u00dfen Diesdorfer Stra\u00dfe 13. Fitzner bezeichnet sich als\u00a0Dissident, was darauf hindeutet, dass er keiner Kirche angeh\u00f6rte. Erste Verhaftung und Untersuchungshaft Am\u00a023. Mai 1938\u00a0wird Fitzner von der Polizei Magdeburg in Untersuchungshaft genommen und in das\u00a0Gef\u00e4ngnis [&hellip;]<\/p>\n","protected":false},"author":1,"featured_media":3657,"comment_status":"closed","ping_status":"open","sticky":false,"template":"","format":"standard","meta":{"pgc_sgb_lightbox_settings":"","footnotes":""},"categories":[6,30],"tags":[],"class_list":["post-3656","post","type-post","status-publish","format-standard","has-post-thumbnail","hentry","category-kultur-gedenken","category-stolpersteine"],"_links":{"self":[{"href":"https:\/\/lsvd-lsa.de\/en\/wp-json\/wp\/v2\/posts\/3656","targetHints":{"allow":["GET"]}}],"collection":[{"href":"https:\/\/lsvd-lsa.de\/en\/wp-json\/wp\/v2\/posts"}],"about":[{"href":"https:\/\/lsvd-lsa.de\/en\/wp-json\/wp\/v2\/types\/post"}],"author":[{"embeddable":true,"href":"https:\/\/lsvd-lsa.de\/en\/wp-json\/wp\/v2\/users\/1"}],"replies":[{"embeddable":true,"href":"https:\/\/lsvd-lsa.de\/en\/wp-json\/wp\/v2\/comments?post=3656"}],"version-history":[{"count":2,"href":"https:\/\/lsvd-lsa.de\/en\/wp-json\/wp\/v2\/posts\/3656\/revisions"}],"predecessor-version":[{"id":3764,"href":"https:\/\/lsvd-lsa.de\/en\/wp-json\/wp\/v2\/posts\/3656\/revisions\/3764"}],"wp:featuredmedia":[{"embeddable":true,"href":"https:\/\/lsvd-lsa.de\/en\/wp-json\/wp\/v2\/media\/3657"}],"wp:attachment":[{"href":"https:\/\/lsvd-lsa.de\/en\/wp-json\/wp\/v2\/media?parent=3656"}],"wp:term":[{"taxonomy":"category","embeddable":true,"href":"https:\/\/lsvd-lsa.de\/en\/wp-json\/wp\/v2\/categories?post=3656"},{"taxonomy":"post_tag","embeddable":true,"href":"https:\/\/lsvd-lsa.de\/en\/wp-json\/wp\/v2\/tags?post=3656"}],"curies":[{"name":"wp","href":"https:\/\/api.w.org\/{rel}","templated":true}]}}