{"id":3665,"date":"2024-12-31T10:37:54","date_gmt":"2024-12-31T09:37:54","guid":{"rendered":"https:\/\/lsvd-lsa.de\/?p=3665"},"modified":"2025-02-11T20:41:20","modified_gmt":"2025-02-11T19:41:20","slug":"lsbtiaqwahlstudie-zur-bundestagswahl","status":"publish","type":"post","link":"https:\/\/lsvd-lsa.de\/en\/lsbtiaqwahlstudie-zur-bundestagswahl\/","title":{"rendered":"LSBTIAQ*Wahlstudie zur Bundestagswahl"},"content":{"rendered":"<p>Welche Parteien w\u00e4hlen LGBTIQ* bei der Bundestagwahl am 23. Februar 2025? Welche politischen und gesellschaftlichen Themen besch\u00e4ftigen sie und welche Themen sind wahlentscheidend?<\/p>\n\n\n\n<p>Die LGBTIQ*-Wahlstudie zur Bundestagswahl 2025 ist gestartet, um diese Fragen zu beantworten. Sie richtet sich an LGBTIQ* in Deutschland \u2013 eine Gruppe in der Gesellschaft, die in den klassischen Wahlstudien meist unter den Tisch f\u00e4llt.<\/p>\n\n\n\n<p>Die Online-Umfrage ist vom 16. Dezember 2024 f\u00fcr vier Wochen unter&nbsp;<a href=\"https:\/\/fb07dida.uni-giessen.de\/lime\/index.php\/214128?lang=de-informal\" target=\"_blank\" rel=\"noreferrer noopener\">https:\/\/fb07dida.uni-giessen.de\/lime\/index.php\/214128?lang=de-informal<\/a>&nbsp;online. Anfang Februar werden die Ergebnisse bei einer Pressekonferenz der \u00d6ffentlichkeit vorgestellt.<\/p>\n\n\n\n<p>Die parteiunabh\u00e4ngige Studie wird von einem Team aus Wissenschaftler*innen der Justus-Liebig-Universit\u00e4t Gie\u00dfen in Kooperation mit dem LSVD\u207a&nbsp;durchgef\u00fchrt. Dieses unabh\u00e4ngige Projekt wird ohne finanzielle Unterst\u00fctzung von Dritten realisiert. Die Wahlstudie gibt neue Impulse f\u00fcr politische Debatten und auch f\u00fcr die Wahlforschung.<\/p>\n\n\n\n<p>Die Umfrage ist anonym und es werden keine personenbezogenen Daten erhoben oder gespeichert. \u00c4hnliche Umfragen wurden vom selben Forschungsteam bereits seit 2015 zu verschiedenen Wahlen in Deutschland und \u00d6sterreich durchgef\u00fchrt. An diesem innovativen Forschungsprojekt beteiligten sich damals bereits viele LGBTIQ*. Weitere Hintergrundinformationen, die bisherigen Ergebnisse und eine \u00dcbersicht der bisherigen wissenschaftlichen Publikationen des Projekts sind auf der Website&nbsp;<a href=\"https:\/\/www.uni-giessen.de\/lgbtiq\" target=\"_blank\" rel=\"noreferrer noopener\">https:\/\/www.uni-giessen.de\/lgbtiq<\/a>&nbsp;abrufbar.<\/p>\n\n\n\n<p><strong>Kontakt:<\/strong><br>Prof. Dr. Doroth\u00e9e de N\u00e8ve, Niklas Ferch MA, Anna Tabea Roschka<br>E-Mail:&nbsp;<a href=\"mailto:lgbtiqwahlstudie@sowi.uni-giessen.de\" target=\"_blank\" rel=\"noreferrer noopener\">lgbtiqwahlstudie@sowi.uni-giessen.de<\/a><\/p>\n\n\n\n<p><a href=\"https:\/\/www.lsvd.de\/de\/ct\/13417-LGBTIQ-Wahlstudie-zur-Bundestagswahl-2025\" target=\"_blank\" rel=\"noreferrer noopener\">Der Beitrag erschien zuerst auf www.lsvd.de<\/a><\/p>\n\n\n\n<p><\/p>","protected":false},"excerpt":{"rendered":"<p>Welche Parteien w\u00e4hlen LGBTIQ* bei der Bundestagwahl am 23. Februar 2025? Welche politischen und gesellschaftlichen Themen besch\u00e4ftigen sie und welche Themen sind wahlentscheidend? Die LGBTIQ*-Wahlstudie zur Bundestagswahl 2025 ist gestartet, um diese Fragen zu beantworten. Sie richtet sich an LGBTIQ* in Deutschland \u2013 eine Gruppe in der Gesellschaft, die in den klassischen Wahlstudien meist unter [&hellip;]<\/p>\n","protected":false},"author":1,"featured_media":3666,"comment_status":"closed","ping_status":"open","sticky":false,"template":"","format":"standard","meta":{"pgc_sgb_lightbox_settings":"","footnotes":""},"categories":[10],"tags":[],"class_list":["post-3665","post","type-post","status-publish","format-standard","has-post-thumbnail","hentry","category-politik-netzwerk"],"_links":{"self":[{"href":"https:\/\/lsvd-lsa.de\/en\/wp-json\/wp\/v2\/posts\/3665","targetHints":{"allow":["GET"]}}],"collection":[{"href":"https:\/\/lsvd-lsa.de\/en\/wp-json\/wp\/v2\/posts"}],"about":[{"href":"https:\/\/lsvd-lsa.de\/en\/wp-json\/wp\/v2\/types\/post"}],"author":[{"embeddable":true,"href":"https:\/\/lsvd-lsa.de\/en\/wp-json\/wp\/v2\/users\/1"}],"replies":[{"embeddable":true,"href":"https:\/\/lsvd-lsa.de\/en\/wp-json\/wp\/v2\/comments?post=3665"}],"version-history":[{"count":1,"href":"https:\/\/lsvd-lsa.de\/en\/wp-json\/wp\/v2\/posts\/3665\/revisions"}],"predecessor-version":[{"id":3667,"href":"https:\/\/lsvd-lsa.de\/en\/wp-json\/wp\/v2\/posts\/3665\/revisions\/3667"}],"wp:featuredmedia":[{"embeddable":true,"href":"https:\/\/lsvd-lsa.de\/en\/wp-json\/wp\/v2\/media\/3666"}],"wp:attachment":[{"href":"https:\/\/lsvd-lsa.de\/en\/wp-json\/wp\/v2\/media?parent=3665"}],"wp:term":[{"taxonomy":"category","embeddable":true,"href":"https:\/\/lsvd-lsa.de\/en\/wp-json\/wp\/v2\/categories?post=3665"},{"taxonomy":"post_tag","embeddable":true,"href":"https:\/\/lsvd-lsa.de\/en\/wp-json\/wp\/v2\/tags?post=3665"}],"curies":[{"name":"wp","href":"https:\/\/api.w.org\/{rel}","templated":true}]}}