{"id":3729,"date":"2021-11-24T16:42:00","date_gmt":"2021-11-24T15:42:00","guid":{"rendered":"https:\/\/lsvd-lsa.de\/?p=3729"},"modified":"2025-02-11T20:42:08","modified_gmt":"2025-02-11T19:42:08","slug":"stolperstein-rudolf-strutz","status":"publish","type":"post","link":"https:\/\/lsvd-lsa.de\/en\/stolperstein-rudolf-strutz\/","title":{"rendered":"Stolperstein: Rudolf Strutz"},"content":{"rendered":"<ul class=\"wp-block-list\">\n<li>Geboren: 09. Mai 1913, Wernigerode<\/li>\n\n\n\n<li>Beruf: Steinmetz<\/li>\n\n\n\n<li>Tod: 21. Mai 1942, KZ Sachsenhausen<\/li>\n<\/ul>\n\n\n\n<ul class=\"wp-block-list\">\n<li>Verlegung am 24. November 2021<\/li>\n\n\n\n<li>Gespendet: LSVD Sachsen-Anhalt<\/li>\n\n\n\n<li>Verlegeort: Dorotheenstra\u00dfe 1 (direkt am Parkplatz, neben Spielplatz)<\/li>\n<\/ul>\n\n\n\n<h4 class=\"wp-block-heading\">Was wissen wir von ihm?<\/h4>\n\n\n\n<p>Rudolf Strutz wird am 9. Mai 1913 in Wernigerode im Harz geboren und evangelisch getauft. Der ledige Steinmetz lebt sp\u00e4ter in Magdeburg, Dorotheenstra\u00dfe 16.<\/p>\n\n\n\n<p>Am 6. Juli 1939 wird er von der Magdeburger Polizei wegen eines Versto\u00dfes gegen \u00a7175a in Untersuchungshaft genommen und in das Gef\u00e4ngnis Magdeburg eingeliefert. Dort wird er wie folgt beschrieben: 1,69 m gro\u00df, schlanke Gestalt, rasiert, graue Augen und blondes Haar. Bereits zuvor hat er eine Gef\u00e4ngnisstrafe verb\u00fc\u00dft.<\/p>\n\n\n\n<p>Das Landgericht Magdeburg verurteilt ihn Ende September 1939 wegen \u201eUnzucht mit M\u00e4nnern\u201c unter Anrechnung von 116 Tagen, einer Stunde und 38 Minuten Untersuchungshaft zu einer Gef\u00e4ngnisstrafe von zwei Jahren. Seine Karteikarte vermerkt, dass er nach der Strafhaft \u201ein \u00dcberhaft\u201c f\u00fcr die Kriminalpolizei Magdeburg verbleiben soll, um ihn in Vorbeugungshaft zu nehmen. Nach Ablauf der Haftzeit wird Rudolf Strutz am 2. Juni 1941 nicht in die Freiheit entlassen, sondern der Polizei \u00fcbergeben.<\/p>\n\n\n\n<p>Von dort wird er in das Konzentrationslager Sachsenhausen deportiert. Vermutlich wird er im Juli 1941 in das H\u00e4ftlingskrankenrevier verlegt. Rudolf Strutz stirbt am 21. Mai 1942 im Alter von 29 Jahren im KZ Sachsenhausen.<\/p>\n\n\n\n<p><strong>Recherche: <\/strong>Rainer Hoffschildt, Hannover (M\u00e4rz 2018)<\/p>","protected":false},"excerpt":{"rendered":"<p>Was wissen wir von ihm? Rudolf Strutz wird am 9. Mai 1913 in Wernigerode im Harz geboren und evangelisch getauft. Der ledige Steinmetz lebt sp\u00e4ter in Magdeburg, Dorotheenstra\u00dfe 16. Am 6. Juli 1939 wird er von der Magdeburger Polizei wegen eines Versto\u00dfes gegen \u00a7175a in Untersuchungshaft genommen und in das Gef\u00e4ngnis Magdeburg eingeliefert. Dort wird [&hellip;]<\/p>\n","protected":false},"author":1,"featured_media":3730,"comment_status":"closed","ping_status":"open","sticky":false,"template":"","format":"standard","meta":{"pgc_sgb_lightbox_settings":"","footnotes":""},"categories":[6,30],"tags":[],"class_list":["post-3729","post","type-post","status-publish","format-standard","has-post-thumbnail","hentry","category-kultur-gedenken","category-stolpersteine"],"_links":{"self":[{"href":"https:\/\/lsvd-lsa.de\/en\/wp-json\/wp\/v2\/posts\/3729","targetHints":{"allow":["GET"]}}],"collection":[{"href":"https:\/\/lsvd-lsa.de\/en\/wp-json\/wp\/v2\/posts"}],"about":[{"href":"https:\/\/lsvd-lsa.de\/en\/wp-json\/wp\/v2\/types\/post"}],"author":[{"embeddable":true,"href":"https:\/\/lsvd-lsa.de\/en\/wp-json\/wp\/v2\/users\/1"}],"replies":[{"embeddable":true,"href":"https:\/\/lsvd-lsa.de\/en\/wp-json\/wp\/v2\/comments?post=3729"}],"version-history":[{"count":2,"href":"https:\/\/lsvd-lsa.de\/en\/wp-json\/wp\/v2\/posts\/3729\/revisions"}],"predecessor-version":[{"id":3766,"href":"https:\/\/lsvd-lsa.de\/en\/wp-json\/wp\/v2\/posts\/3729\/revisions\/3766"}],"wp:featuredmedia":[{"embeddable":true,"href":"https:\/\/lsvd-lsa.de\/en\/wp-json\/wp\/v2\/media\/3730"}],"wp:attachment":[{"href":"https:\/\/lsvd-lsa.de\/en\/wp-json\/wp\/v2\/media?parent=3729"}],"wp:term":[{"taxonomy":"category","embeddable":true,"href":"https:\/\/lsvd-lsa.de\/en\/wp-json\/wp\/v2\/categories?post=3729"},{"taxonomy":"post_tag","embeddable":true,"href":"https:\/\/lsvd-lsa.de\/en\/wp-json\/wp\/v2\/tags?post=3729"}],"curies":[{"name":"wp","href":"https:\/\/api.w.org\/{rel}","templated":true}]}}