{"id":4241,"date":"2025-05-16T06:50:15","date_gmt":"2025-05-16T06:50:15","guid":{"rendered":"https:\/\/lsvd-lsa.de\/?p=4241"},"modified":"2025-05-16T09:37:20","modified_gmt":"2025-05-16T09:37:20","slug":"idahobita-am-17-mai-lsvd-sachsen-anhalt-begruesst-die-ueberarbeitung-des-lsbtti-aktionsprogramms","status":"publish","type":"post","link":"https:\/\/lsvd-lsa.de\/en\/idahobita-am-17-mai-lsvd-sachsen-anhalt-begruesst-die-ueberarbeitung-des-lsbtti-aktionsprogramms\/","title":{"rendered":"IDAHOBITA 2025: LSVD begr\u00fc\u00dft die \u00dcberarbeitung des LSBTTI-Aktionsprogramms\u00a0"},"content":{"rendered":"<p>Zum Internationalen Tag gegen Homo-, Bi-, Inter-, Trans- und Agender-Feindlichkeit (IDAHOBITA) am 17. Mai macht der Lesben- und Schwulenverband (LSVD) Sachsen-Anhalt auf die weiterhin angespannte Lage f\u00fcr LSBTIAQ*-Menschen im Land aufmerksam. Trotz erster positiver Entwicklungen nimmt die queerfeindliche Gewalt sp\u00fcrbar zu \u2013 gerade im Alltag, in sozialen Medien und im \u00f6ffentlichen Raum. Der LSVD begr\u00fc\u00dft ausdr\u00fccklich, dass das LSBTTI-Aktionsprogramm derzeit \u00fcberarbeitet wird &#8211; und dass dies in enger Zusammenarbeit mit Community-Vertreter*innen geschieht.&nbsp;<\/p>\n\n\n\n<p>\u201eDass sich Sachsen-Anhalt dieser Aufgabe stellt und das Programm gemeinsam mit der Community weiterentwickelt, ist ein starkes Zeichen\u201c, sagt Jonas Leutz, Vorstandsmitglied des LSVD Sachsen-Anhalt. \u201eWir sehen, dass sich etwas bewegt, gleichzeitig erleben wir auch, wie queerfeindliche Gewalt zunimmt. Besonders erschreckend: Viele \u00dcbergriffe kommen aus den extrem rechten Milieus, aber zunehmend auch aus den konservativen Bereichen.\u201c&nbsp;<\/p>\n\n\n\n<p>Im Jahr 2024 wurden laut der Mobilen Opferberatung 23 queerfeindliche Angriffe mit 28 direkt betroffenen Personen dokumentiert &#8211; so viele wie noch nie zuvor. Die Bandbreite reicht von Beleidigungen \u00fcber gezielte Bedrohungen bis hin zu k\u00f6rperlicher Gewalt. Auch CSD-Veranstaltungen und queere Treffpunkte werden immer h\u00e4ufiger zum Ziel rechter Hetze. Die Dunkelziffer d\u00fcrfte deutlich h\u00f6her liegen. F\u00fcr viele Betroffene bleibt Angst ein st\u00e4ndiger Begleiter: Beim H\u00e4ndchenhalten, beim Outing in der Schule oder auf dem Weg zur Arbeit.&nbsp;<\/p>\n\n\n\n<p>Besonders stark betroffen sind trans*, nicht-bin\u00e4re, inter* und agender Personen; also Menschen, die sich au\u00dferhalb der bin\u00e4ren Geschlechternormen bewegen oder sich keinem Geschlecht zugeh\u00f6rig f\u00fchlen. Viele von ihnen berichten von Unsichtbarkeit, strukturellen H\u00fcrden und Diskriminierung im Alltag. An Schulen fehlen h\u00e4ufig Schutzkonzepte gegen queerfeindliches Mobbing, und auch in Beh\u00f6rden oder im Gesundheitssystem gibt es weiterhin gro\u00dfe Wissensl\u00fccken.&nbsp;<\/p>\n\n\n\n<p>\u201eWir brauchen in Sachsen-Anhalt fl\u00e4chendeckend sichere R\u00e4ume, Ansprechpersonen und verbindliche Schutzma\u00dfnahmen, egal ob in der Gro\u00dfstadt oder auf dem Land\u201c, so Leutz. \u201eDeshalb ist es so wichtig, dass queere Perspektiven im \u00fcberarbeiteten Landesprogramm nicht nur mitgedacht, sondern aktiv mitgestaltet werden.\u201c&nbsp;<\/p>\n\n\n\n<p>Der Internationale Tag gegen Homo-, Bi-, Inter- und Transfeindlichkeit erinnert an den 17. Mai 1990, als die Weltgesundheitsorganisation (WHO) Homosexualit\u00e4t aus dem Diagnoseschl\u00fcssel strich. Heute steht der Tag weltweit f\u00fcr den Einsatz gegen Diskriminierung, Hass und Gewalt und f\u00fcr gleiche Rechte, Respekt und Teilhabe aller Menschen, unabh\u00e4ngig von ihrer geschlechtlichen Identit\u00e4t oder sexuellen Orientierung.&nbsp;<\/p>\n\n\n\n<p>\u201eSachsen-Anhalt ist ein vielf\u00e4ltiges und starkes Bundesland &#8211; das sp\u00fcren wir an vielen Stellen\u201c, so Leutz abschlie\u00dfend. \u201eDamit das so bleibt, braucht es klare Haltung gegen Queerfeindlichkeit und eine Politik, die zuh\u00f6rt, sch\u00fctzt und konsequent weiterentwickelt, was gut angefangen hat.\u201c&nbsp;<\/p>\n\n\n\n<p><strong>Pressekontakt<\/strong>:&nbsp;<\/p>\n\n\n\n<p>Keven Nau, Pressesprecher&nbsp;<br>keven.nau@lsvd-lsa.de&nbsp;<br>0151 626 123 17<\/p>\n\n\n\n<p><\/p>","protected":false},"excerpt":{"rendered":"<p>Zum Internationalen Tag gegen Homo-, Bi-, Inter-, Trans- und Agender-Feindlichkeit (IDAHOBITA) am 17. Mai macht der Lesben- und Schwulenverband (LSVD) Sachsen-Anhalt auf die weiterhin angespannte Lage f\u00fcr LSBTIAQ*-Menschen im Land aufmerksam. Trotz erster positiver Entwicklungen nimmt die queerfeindliche Gewalt sp\u00fcrbar zu \u2013 gerade im Alltag, in sozialen Medien und im \u00f6ffentlichen Raum. Der LSVD begr\u00fc\u00dft [&hellip;]<\/p>\n","protected":false},"author":1,"featured_media":4242,"comment_status":"closed","ping_status":"open","sticky":false,"template":"","format":"standard","meta":{"pgc_sgb_lightbox_settings":"","footnotes":""},"categories":[10,4],"tags":[],"class_list":["post-4241","post","type-post","status-publish","format-standard","has-post-thumbnail","hentry","category-politik-netzwerk","category-pressemitteilung"],"_links":{"self":[{"href":"https:\/\/lsvd-lsa.de\/en\/wp-json\/wp\/v2\/posts\/4241","targetHints":{"allow":["GET"]}}],"collection":[{"href":"https:\/\/lsvd-lsa.de\/en\/wp-json\/wp\/v2\/posts"}],"about":[{"href":"https:\/\/lsvd-lsa.de\/en\/wp-json\/wp\/v2\/types\/post"}],"author":[{"embeddable":true,"href":"https:\/\/lsvd-lsa.de\/en\/wp-json\/wp\/v2\/users\/1"}],"replies":[{"embeddable":true,"href":"https:\/\/lsvd-lsa.de\/en\/wp-json\/wp\/v2\/comments?post=4241"}],"version-history":[{"count":4,"href":"https:\/\/lsvd-lsa.de\/en\/wp-json\/wp\/v2\/posts\/4241\/revisions"}],"predecessor-version":[{"id":4279,"href":"https:\/\/lsvd-lsa.de\/en\/wp-json\/wp\/v2\/posts\/4241\/revisions\/4279"}],"wp:featuredmedia":[{"embeddable":true,"href":"https:\/\/lsvd-lsa.de\/en\/wp-json\/wp\/v2\/media\/4242"}],"wp:attachment":[{"href":"https:\/\/lsvd-lsa.de\/en\/wp-json\/wp\/v2\/media?parent=4241"}],"wp:term":[{"taxonomy":"category","embeddable":true,"href":"https:\/\/lsvd-lsa.de\/en\/wp-json\/wp\/v2\/categories?post=4241"},{"taxonomy":"post_tag","embeddable":true,"href":"https:\/\/lsvd-lsa.de\/en\/wp-json\/wp\/v2\/tags?post=4241"}],"curies":[{"name":"wp","href":"https:\/\/api.w.org\/{rel}","templated":true}]}}