{"id":4287,"date":"2020-01-30T09:18:00","date_gmt":"2020-01-30T09:18:00","guid":{"rendered":"https:\/\/lsvd-lsa.de\/?p=4287"},"modified":"2025-06-14T09:20:55","modified_gmt":"2025-06-14T09:20:55","slug":"schutz-der-sexuellen-identitaet-soll-in-die-landesverfassung-sachsen-anhalts-aufgenommen-werden","status":"publish","type":"post","link":"https:\/\/lsvd-lsa.de\/en\/schutz-der-sexuellen-identitaet-soll-in-die-landesverfassung-sachsen-anhalts-aufgenommen-werden\/","title":{"rendered":"Schutz der sexuellen Identit\u00e4t soll in die Landesverfassung Sachsen-Anhalts aufgenommen werden"},"content":{"rendered":"\n<h4 class=\"wp-block-heading\">Landtag diskutiert gemeinsamen Gesetzesentwurf von SPD, CDU, B\u00fcndnis 90\/Die Gr\u00fcnen und Linken<\/h4>\n\n\n\n<p>Magdeburg, 30. Januar 2020. Im Rahmen der Parlamentsreform 2020 soll der Gleichheitsartikel 7, Absatz 3 der Landesverfassung von Sachsen-Anhalt um das Merkmal \u201esexuelle Identit\u00e4t\u201c erg\u00e4nzt werden. Dann w\u00fcrde es zuk\u00fcnftig hei\u00dfen: \u201eNiemand&nbsp; darf&nbsp; aus&nbsp; Gr\u00fcnden&nbsp; des&nbsp; Geschlechts,&nbsp; der&nbsp; sexuellen&nbsp; Identit\u00e4t [\u2026] benachteiligt oder bevorzugt werden.\u201c Ein gemeinsamer Gesetzesentwurf (<a href=\"https:\/\/www.landtag.sachsen-anhalt.de\/fileadmin\/files\/drs\/wp7\/drs\/d5550wge.pdf\">Drs. 7\/5550<\/a>) der Fraktionen B\u00fcndnis 90 \/ Die Gr\u00fcnen, SPD, Die Linke und der CDU wurde heute im Landtag beraten und in den \u00c4ltestenrat \u00fcberwiesen. Sachsen-Anhalt w\u00e4re das sechste Bundesland, dass den verfassungsm\u00e4\u00dfigen Schutz von LSBTI* in die Landesverfassung aufnimmt. Mit der Erg\u00e4nzung w\u00fcrde auch ein Versprechen des Koalitionsvertrages erf\u00fcllt werden.<\/p>\n\n\n\n<p><em>\u201eDer Lesben- und Schwulenverband (LSVD) Sachsen-Anhalt begr\u00fc\u00dft den gemeinsamen Gesetzesentwurf. Gerade demokratiefeindlichen Kr\u00e4ften, die Lesben, Schwule, Bisexuelle, trans*- und intergeschlechtliche Menschen (LSBTI*) ins gesellschaftliche Abseits dr\u00e4ngen wollen, muss ein inklusives Grundrechteverst\u00e4ndnis im Landesverfassungstext entgegengesetzt werden. Fundamentale Normen des Zusammenlebens wie das Diskriminierungsverbot m\u00fcssen f\u00fcr alle Menschen transparent sein. Jeder sollte wissen, dass niemand aufgrund seiner sexuellen Identit\u00e4t diskriminiert werden darf. Auch auf Bundeseben fordern wir die dringend notwendige Vervollst\u00e4ndigung des Grundgesetzes Artikel 3, Absatz 3.\u201c,&nbsp;<strong>so Matthias Fangohr aus dem Landesvorstand des LSVD Sachsen-Anhalt.<\/strong><\/em><\/p>\n\n\n\n<h4 class=\"wp-block-heading\">Hintergrund<\/h4>\n\n\n\n<ul class=\"wp-block-list\">\n<li><a href=\"https:\/\/www.lsvd.de\/de\/ct\/1099-warum-brauchen-wir-die-ergaenzung-des-diskriminierungsverbots-im-artikel-3-grundgesetz-\" target=\"_blank\" rel=\"noreferrer noopener\">Warum brauchen wir die Erg\u00e4nzung des Diskriminierungsverbots im Artikel 3 Grundgesetz?<\/a><\/li>\n\n\n\n<li><a href=\"https:\/\/www.sachsen-anhalt.de\/fileadmin\/Bibliothek\/Politik_und_Verwaltung\/StK\/STK\/Dokumente\/Koalitionsvertrag2016-2012.pdf\" target=\"_blank\" rel=\"noreferrer noopener\">Koalitionsvereinbarung zwischen CDU, SPD und B\u00fcndnis 90\/Die Gr\u00fcnen<\/a><\/li>\n<\/ul>\n\n\n\n<p><\/p>\n","protected":false},"excerpt":{"rendered":"<p>Landtag diskutiert gemeinsamen Gesetzesentwurf von SPD, CDU, B\u00fcndnis 90\/Die Gr\u00fcnen und Linken Magdeburg, 30. Januar 2020. Im Rahmen der Parlamentsreform 2020 soll der Gleichheitsartikel 7, Absatz 3 der Landesverfassung von Sachsen-Anhalt um das Merkmal \u201esexuelle Identit\u00e4t\u201c erg\u00e4nzt werden. Dann w\u00fcrde es zuk\u00fcnftig hei\u00dfen: \u201eNiemand&nbsp; darf&nbsp; aus&nbsp; Gr\u00fcnden&nbsp; des&nbsp; Geschlechts,&nbsp; der&nbsp; sexuellen&nbsp; Identit\u00e4t [\u2026] benachteiligt oder [&hellip;]<\/p>\n","protected":false},"author":1,"featured_media":0,"comment_status":"closed","ping_status":"open","sticky":false,"template":"","format":"standard","meta":{"pgc_sgb_lightbox_settings":"","footnotes":""},"categories":[10,4],"tags":[],"class_list":["post-4287","post","type-post","status-publish","format-standard","hentry","category-politik-netzwerk","category-pressemitteilung"],"_links":{"self":[{"href":"https:\/\/lsvd-lsa.de\/en\/wp-json\/wp\/v2\/posts\/4287","targetHints":{"allow":["GET"]}}],"collection":[{"href":"https:\/\/lsvd-lsa.de\/en\/wp-json\/wp\/v2\/posts"}],"about":[{"href":"https:\/\/lsvd-lsa.de\/en\/wp-json\/wp\/v2\/types\/post"}],"author":[{"embeddable":true,"href":"https:\/\/lsvd-lsa.de\/en\/wp-json\/wp\/v2\/users\/1"}],"replies":[{"embeddable":true,"href":"https:\/\/lsvd-lsa.de\/en\/wp-json\/wp\/v2\/comments?post=4287"}],"version-history":[{"count":1,"href":"https:\/\/lsvd-lsa.de\/en\/wp-json\/wp\/v2\/posts\/4287\/revisions"}],"predecessor-version":[{"id":4288,"href":"https:\/\/lsvd-lsa.de\/en\/wp-json\/wp\/v2\/posts\/4287\/revisions\/4288"}],"wp:attachment":[{"href":"https:\/\/lsvd-lsa.de\/en\/wp-json\/wp\/v2\/media?parent=4287"}],"wp:term":[{"taxonomy":"category","embeddable":true,"href":"https:\/\/lsvd-lsa.de\/en\/wp-json\/wp\/v2\/categories?post=4287"},{"taxonomy":"post_tag","embeddable":true,"href":"https:\/\/lsvd-lsa.de\/en\/wp-json\/wp\/v2\/tags?post=4287"}],"curies":[{"name":"wp","href":"https:\/\/api.w.org\/{rel}","templated":true}]}}