{"id":4289,"date":"2022-03-14T09:21:00","date_gmt":"2022-03-14T09:21:00","guid":{"rendered":"https:\/\/lsvd-lsa.de\/?p=4289"},"modified":"2026-04-17T08:37:53","modified_gmt":"2026-04-17T08:37:53","slug":"lsbttiq-vertretung-im-mdr-rundfunkrat-nimmt-arbeit-auf","status":"publish","type":"post","link":"https:\/\/lsvd-lsa.de\/en\/lsbttiq-vertretung-im-mdr-rundfunkrat-nimmt-arbeit-auf\/","title":{"rendered":"LSBTTIQ-Vertretung im MDR-Rundfunkrat nimmt Arbeit auf"},"content":{"rendered":"<h4 class=\"wp-block-heading\">Rundfunkrat des MDR tagt erstmals komplett mit LSBTTIQ-Vertretung des LSVD<\/h4>\n\n\n\n<p>Heute tagt erstmals der MDR-Rundfunkrat in vollst\u00e4ndiger Besetzung. Eine Interessenvertretung f\u00fcr Lesben, Schwule, Bisexuelle, trans*, intergeschlechtliche und queere Menschen ist in dem Gremium \u00fcber die Landesgruppe Sachsen-Anhalt vertreten. Der Lesben- und Schwulenverband (LSVD) Sachsen-Anhalt \u00fcbernimmt das Mandat. Dazu erkl\u00e4rt Mathias Fangohr vom LSVD Sachsen-Anhalt und neues Mitglied im MDR-Rundfunkrat:<\/p>\n\n\n\n<p>\u201eWir sind stolz und zufrieden, dass der LSVD die zuk\u00fcnftige Vertretung von LSBTTIQ im Rundfunkrat des MDR \u00fcbernehmen kann. Gesellschaftliche Vielfalt muss sich in den Gremien aller \u00f6ffentlich-rechtlichen Medien abbilden. Mit der ersten LSBTTIQ-Vertretung beim MDR ist damit ein wichtiger Schritt getan. Die Arbeit f\u00e4ngt aber jetzt erst an. Im Rundfunkrat m\u00f6chte ich nicht nur die Stimme unserer Community sein, sondern f\u00fcr einen professionellen und diskriminierungsfreien Umgang mit vielf\u00e4ltigen Lebensweisen und Identit\u00e4ten beim MDR werben. Das gilt f\u00fcr die Medienformate des MDR genauso, wie f\u00fcr den MDR als Arbeitgeber:in und Unternehmen.\u201c<\/p>\n\n\n\n<p>\u201eUnsere Community in Sachsen-Anhalt, Sachsen und Th\u00fcringen hat mit dem LSBTTIQ-Sitz nun eine direkte Vertretung und vor allem auch eine Ansprechperson. In den n\u00e4chsten Jahren freue ich mich auf den intensiven Austausch und die zuk\u00fcnftige Arbeit.\u201c<\/p>\n\n\n\n<h4 class=\"wp-block-heading\">Vertreterin der Frauenverb\u00e4nde f\u00fchrt MDR-Landesgruppe an<\/h4>\n\n\n\n<p>\u201eW\u00e4hrend der vorangegangenen Sitzung der Landesgruppe Sachsen-Anhalt des MDR-Rundfunkrates wurde am 9. M\u00e4rz 2022 Steffi Schikor zur Vorsitzenden der Landesgruppe gew\u00e4hlt. Damit wird die Landesgruppe k\u00fcnftig durch die Vertreterin der Frauenverb\u00e4nde angef\u00fchrt. Dies begr\u00fc\u00dfen wir sehr, insbesondere vor dem Hintergrund, dass Frauen im MDR-Rundfunkrat leider nach wie vor unterrepr\u00e4sentiert sind\u201c, so Fangohr.<\/p>\n\n\n\n<h4 class=\"wp-block-heading\">Kontakt LSBTTIQ im MDR-Rundfunkrat<\/h4>\n\n\n\n<p>Mathias Fangohr<br>Mobil: 0176-82120531<br>E-Mail:&nbsp;<a href=\"mailto:mathias.fangohr@lsvd.de\">mathias.fangohr@lsvd.de<\/a><\/p>\n\n\n\n<h4 class=\"wp-block-heading\">Hintergrund<\/h4>\n\n\n\n<p>Nachdem die Bev\u00f6lkerungsgruppen der LSBTTIQ in der Bundesrepublik \u00fcber 60 Jahre von jeder Vertretung in Rundfunk, Fernsehen und Medien ausgegrenzt blieben, hat das Verfassungsgerichtsurteil vom 25.03.2014 einen Wandel eingeleitet. Seitdem wurde mit der Berufung von Vertreter:innen des LSVD im ZDF-Fernsehrat, beim ARTE Deutschland Beirat, beim Deutschlandradio, beim Saarl\u00e4ndischen Rundfunk und bei Radio-Bremen erstmals auch LSBTTIQ die Teilhabe in den Aufsichtsgremien er\u00f6ffnet. Auch beim WDR und in den Landesmedienanstalten von Niedersachsen, Nordrhein-Westfalen, Rheinland-Pfalz und dem Saarland haben LSBTTIQ mittlerweile Sitz und Stimme.<\/p>\n\n\n\n<p><a href=\"https:\/\/www.lsvd.de\/de\/ct\/4742-sitz-fuer-lsbti-in-rundfunkraeten-und-medienanstalten\" target=\"_blank\" rel=\"noreferrer noopener\">LSBTTIQ in Rundfunkr\u00e4ten und Medienanstalten \u2013 In welchen Gremien sind LSBTTIQ vertreten und wo fehlen Selbstvertretungen?<\/a><\/p>\n\n\n\n<p><a href=\"https:\/\/www.lsvd.de\/de\/ct\/6047-darstellung-von-lsbti-im-fernsehen-und-den-medien\" target=\"_blank\" rel=\"noreferrer noopener\">Darstellung von LSBTI im Fernsehen und den Medien Ergebnisse von Studien zu Diversit\u00e4t und Repr\u00e4sentation<\/a><\/p>\n\n\n\n<p><\/p>","protected":false},"excerpt":{"rendered":"<p>Rundfunkrat des MDR tagt erstmals komplett mit LSBTTIQ-Vertretung des LSVD Heute tagt erstmals der MDR-Rundfunkrat in vollst\u00e4ndiger Besetzung. Eine Interessenvertretung f\u00fcr Lesben, Schwule, Bisexuelle, trans*, intergeschlechtliche und queere Menschen ist in dem Gremium \u00fcber die Landesgruppe Sachsen-Anhalt vertreten. Der Lesben- und Schwulenverband (LSVD) Sachsen-Anhalt \u00fcbernimmt das Mandat. Dazu erkl\u00e4rt Mathias Fangohr vom LSVD Sachsen-Anhalt und [&hellip;]<\/p>\n","protected":false},"author":1,"featured_media":2962,"comment_status":"closed","ping_status":"open","sticky":false,"template":"","format":"standard","meta":{"pgc_sgb_lightbox_settings":"","footnotes":""},"categories":[11,10,4],"tags":[],"class_list":["post-4289","post","type-post","status-publish","format-standard","has-post-thumbnail","hentry","category-aufklaerung-bildung","category-politik-netzwerk","category-pressemitteilung"],"_links":{"self":[{"href":"https:\/\/lsvd-lsa.de\/en\/wp-json\/wp\/v2\/posts\/4289","targetHints":{"allow":["GET"]}}],"collection":[{"href":"https:\/\/lsvd-lsa.de\/en\/wp-json\/wp\/v2\/posts"}],"about":[{"href":"https:\/\/lsvd-lsa.de\/en\/wp-json\/wp\/v2\/types\/post"}],"author":[{"embeddable":true,"href":"https:\/\/lsvd-lsa.de\/en\/wp-json\/wp\/v2\/users\/1"}],"replies":[{"embeddable":true,"href":"https:\/\/lsvd-lsa.de\/en\/wp-json\/wp\/v2\/comments?post=4289"}],"version-history":[{"count":2,"href":"https:\/\/lsvd-lsa.de\/en\/wp-json\/wp\/v2\/posts\/4289\/revisions"}],"predecessor-version":[{"id":4920,"href":"https:\/\/lsvd-lsa.de\/en\/wp-json\/wp\/v2\/posts\/4289\/revisions\/4920"}],"wp:featuredmedia":[{"embeddable":true,"href":"https:\/\/lsvd-lsa.de\/en\/wp-json\/wp\/v2\/media\/2962"}],"wp:attachment":[{"href":"https:\/\/lsvd-lsa.de\/en\/wp-json\/wp\/v2\/media?parent=4289"}],"wp:term":[{"taxonomy":"category","embeddable":true,"href":"https:\/\/lsvd-lsa.de\/en\/wp-json\/wp\/v2\/categories?post=4289"},{"taxonomy":"post_tag","embeddable":true,"href":"https:\/\/lsvd-lsa.de\/en\/wp-json\/wp\/v2\/tags?post=4289"}],"curies":[{"name":"wp","href":"https:\/\/api.w.org\/{rel}","templated":true}]}}