{"id":4495,"date":"2025-10-19T21:59:31","date_gmt":"2025-10-19T21:59:31","guid":{"rendered":"https:\/\/lsvd-lsa.de\/?p=4495"},"modified":"2025-10-29T22:01:45","modified_gmt":"2025-10-29T22:01:45","slug":"regenbogenfarbener-rauch-steigt-auf","status":"publish","type":"post","link":"https:\/\/lsvd-lsa.de\/en\/regenbogenfarbener-rauch-steigt-auf\/","title":{"rendered":"Regenbogenfarbener Rauch steigt auf &#8230;"},"content":{"rendered":"<p><strong>Liebe Community, liebe Mitglieder, liebe Unterst\u00fctzer*innen,<\/strong><\/p>\n\n\n\n<p>am 19. Oktober fand unser diesj\u00e4hriger Verbandstag statt. Ein wichtiger Tag, an dem wir nicht nur auf das bisher Erreichte geschaut, sondern auch die Weichen f\u00fcr die Zukunft gestellt haben.<\/p>\n\n\n\n<p>Mit gro\u00dfer Freude k\u00f6nnen wir verk\u00fcnden, dass unser Verband nun offiziell den Namen des Bundesverbandes \u00fcbernommen hat: LSVD\u207a \u2013 Verband Queere Vielfalt Sachsen-Anhalt. Damit zeigen wir deutlich, dass wir Teil der bundesweiten Bewegung f\u00fcr queere Sichtbarkeit, Rechte und Vielfalt sind und gleichzeitig die Interessen unserer Community in Sachsen-Anhalt vertreten.<\/p>\n\n\n\n<p><strong>Auch der Vorstand hat sich ver\u00e4ndert und neu aufgestellt.<\/strong> Loreen M\u00fcller und Andreas B\u00f6sener bleiben weiterhin aktiv dabei. Sophie Wieser (bekannt aus der Rainbow Connection) und Justin Dziobek verst\u00e4rken das Team neu \u2013 mit frischen Ideen, Energie und Tatkraft.<\/p>\n\n\n\n<p>Ein herzliches Dankesch\u00f6n geht <strong>an dieser Stelle nochmals an Rebecca Sapanidou, Ole T\u00e4ge und Jonas Leutz, die sich aus dem Vorstand zur\u00fcckziehen. <\/strong>Wir freuen uns sehr, dass sie dem Verein weiterhin verbunden bleiben und ihre Expertise k\u00fcnftig mehr im Hintergrund einbringen.<\/p>\n\n\n\n<p>Wir m\u00f6chten den Dialog mit euch weiterhin offenhalten: Fragen, Anregungen oder Sorgen k\u00f6nnt ihr jederzeit an vorstand@lsvd-lsa.de senden. Eure Perspektiven sind uns wichtig, denn gemeinsam gestalten wir einen Verband, der die Vielfalt unserer Community widerspiegelt und st\u00e4rkt.<\/p>\n\n\n\n<p>Mit der neuen Satzung, dem angepassten Namen und dem erweiterten Vorstand starten wir in ein spannendes Jahr voller Projekte, Aktionen und M\u00f6glichkeiten, queere Vielfalt sichtbar zu machen. Lasst uns gemeinsam weiter wachsen.<\/p>\n\n\n\n<p><strong>Andreas, Justin, Loreen und Sophie<br><\/strong>Vorstand des LSVD\u207a Sachsen-Anhalt<\/p>","protected":false},"excerpt":{"rendered":"<p>Liebe Community, liebe Mitglieder, liebe Unterst\u00fctzer*innen, am 19. Oktober fand unser diesj\u00e4hriger Verbandstag statt. Ein wichtiger Tag, an dem wir nicht nur auf das bisher Erreichte geschaut, sondern auch die Weichen f\u00fcr die Zukunft gestellt haben. Mit gro\u00dfer Freude k\u00f6nnen wir verk\u00fcnden, dass unser Verband nun offiziell den Namen des Bundesverbandes \u00fcbernommen hat: LSVD\u207a \u2013 [&hellip;]<\/p>\n","protected":false},"author":1,"featured_media":4496,"comment_status":"closed","ping_status":"open","sticky":false,"template":"","format":"standard","meta":{"pgc_sgb_lightbox_settings":"","footnotes":""},"categories":[1,9,13],"tags":[],"class_list":["post-4495","post","type-post","status-publish","format-standard","has-post-thumbnail","hentry","category-allgemein","category-verbandstag-mitgliederversammlung","category-vereinsleben"],"_links":{"self":[{"href":"https:\/\/lsvd-lsa.de\/en\/wp-json\/wp\/v2\/posts\/4495","targetHints":{"allow":["GET"]}}],"collection":[{"href":"https:\/\/lsvd-lsa.de\/en\/wp-json\/wp\/v2\/posts"}],"about":[{"href":"https:\/\/lsvd-lsa.de\/en\/wp-json\/wp\/v2\/types\/post"}],"author":[{"embeddable":true,"href":"https:\/\/lsvd-lsa.de\/en\/wp-json\/wp\/v2\/users\/1"}],"replies":[{"embeddable":true,"href":"https:\/\/lsvd-lsa.de\/en\/wp-json\/wp\/v2\/comments?post=4495"}],"version-history":[{"count":1,"href":"https:\/\/lsvd-lsa.de\/en\/wp-json\/wp\/v2\/posts\/4495\/revisions"}],"predecessor-version":[{"id":4497,"href":"https:\/\/lsvd-lsa.de\/en\/wp-json\/wp\/v2\/posts\/4495\/revisions\/4497"}],"wp:featuredmedia":[{"embeddable":true,"href":"https:\/\/lsvd-lsa.de\/en\/wp-json\/wp\/v2\/media\/4496"}],"wp:attachment":[{"href":"https:\/\/lsvd-lsa.de\/en\/wp-json\/wp\/v2\/media?parent=4495"}],"wp:term":[{"taxonomy":"category","embeddable":true,"href":"https:\/\/lsvd-lsa.de\/en\/wp-json\/wp\/v2\/categories?post=4495"},{"taxonomy":"post_tag","embeddable":true,"href":"https:\/\/lsvd-lsa.de\/en\/wp-json\/wp\/v2\/tags?post=4495"}],"curies":[{"name":"wp","href":"https:\/\/api.w.org\/{rel}","templated":true}]}}